{"id":913,"date":"2018-06-19T12:39:03","date_gmt":"2018-06-19T10:39:03","guid":{"rendered":"http:\/\/phototigui.com\/?p=913"},"modified":"2018-12-12T15:57:30","modified_gmt":"2018-12-12T14:57:30","slug":"presentation","status":"publish","type":"post","link":"https:\/\/www.phototigui.com\/en\/presentation\/","title":{"rendered":"Presentation: Agence des photographes professionnels de Dakar"},"content":{"rendered":"<h1><strong>Agence des photographes professionnels de Dakar<\/strong><\/h1>\n<p><img fetchpriority=\"high\" decoding=\"async\" class=\"size-medium wp-image-1370 aligncenter\" src=\"http:\/\/fotota.net\/wp-content\/uploads\/2016\/10\/fototasenegal-300x171.jpg\" sizes=\"(max-width: 300px) 100vw, 300px\" srcset=\"http:\/\/fotota.net\/wp-content\/uploads\/2016\/10\/fototasenegal-300x171.jpg 300w, http:\/\/fotota.net\/wp-content\/uploads\/2016\/10\/fototasenegal-240x136.jpg 240w, http:\/\/fotota.net\/wp-content\/uploads\/2016\/10\/fototasenegal.jpg 700w\" alt=\"\" width=\"300\" height=\"171\"><\/p>\n<p><a href=\"http:\/\/phototigui.com\/\">Phototigui<\/a>&nbsp;est votre agence de photographes professionnels bas\u00e9 Dakar mamelles,&nbsp; elle regroupe en son sein les meilleurs photographes de la ville de Dakar. Ils ont chacun plus d&#8217;une dizaine d&#8217;ann\u00e9e d\u2019exp\u00e9rience et qui sont respectueux des r\u00e8gles de la photographie car nous leur donnons une formation sur les droit d&#8217;auteur et droit d&#8217;image.<\/p>\n<p>Les photographes professionnels sont de jeunes p\u00e9tris de comp\u00e9tences &nbsp;et de cr\u00e9ativit\u00e9s. Ses photographes chevronn\u00e9s sont aux services des entreprises, des particuliers et de la presse.<br \/>\nNous sommes une \u00e9quipe multiculturelle puisque notre \u00e9quipe de photographe compte plus de dix (10) nationalit\u00e9s. Et nos diff\u00e9rences culturelles, apportent une touche originale \u00e0 notre qualit\u00e9 de service.<\/p>\n<p><img decoding=\"async\" class=\"aligncenter wp-image-878\" src=\"http:\/\/www.fotota.net\/wp-content\/uploads\/2016\/10\/studiofotota.jpg\" alt=\"\" width=\"586\" height=\"310\">Chez&nbsp;<a href=\"http:\/\/phototigui.com\/\">phototigui,<\/a>&nbsp;c&#8217;est le travail d&#8217;\u00e9quipe de tous les collaborateurs, orient\u00e9 vers le m\u00eame but, qui constitue la force de notre entreprise.<\/p>\n<p>&nbsp;Nous avons parfaitement compris le rapport \u00e9troit existant entre la qualification, la motivation et le succ\u00e8s de l\u2019entreprise. C\u2019est la raison pour laquelle nous encourageons et favorisons la formation et le perfectionnement de nos photographes de sorte \u00e0&nbsp;ceux qu&#8217;ils restent \u00e0&nbsp;jour, pour mieux r\u00e9pondre \u00e0&nbsp;vos attentes.<\/p>\n<p>&nbsp;Nos clients sont nos partenaires et le succ\u00e8s de notre entreprise d\u00e9pend d\u2019eux. Ce sont nos clients qui nous permettent de gagner notre vie et d\u2019assurer notre avenir. Il nous appartient de r\u00e9pondre \u00e0&nbsp;leurs d\u00e9sirs et de r\u00e9soudre leurs probl\u00e8mes.<\/p>\n","protected":false},"excerpt":{"rendered":"<div class=\"slide-text-bg2\">\n<h3>Agence des photographes professionnels de Dakar Phototigui&nbsp;est votre agence de photographes professionnels bas\u00e9 Dakar mamelles,&nbsp; elle regroupe en son sein<\/h3>\n<\/div>\n<div class=\"flex-btn-div\"><a href=\"https:\/\/www.phototigui.com\/en\/presentation\/\" class=\"btn1 flex-btn\">Read More<\/a><\/div>\n","protected":false},"author":3,"featured_media":0,"comment_status":"open","ping_status":"open","sticky":false,"template":"","format":"standard","meta":{"om_disable_all_campaigns":false,"_exactmetrics_skip_tracking":false,"_exactmetrics_sitenote_active":false,"_exactmetrics_sitenote_note":"","_exactmetrics_sitenote_category":0,"_monsterinsights_skip_tracking":false,"_monsterinsights_sitenote_active":false,"_monsterinsights_sitenote_note":"","_monsterinsights_sitenote_category":0,"_uf_show_specific_survey":0,"_uf_disable_surveys":false,"_jetpack_newsletter_access":"","_jetpack_dont_email_post_to_subs":false,"_jetpack_newsletter_tier_id":0,"_jetpack_memberships_contains_paywalled_content":false,"_vp_format_video_url":"","_vp_image_focal_point":[],"_jetpack_memberships_contains_paid_content":false,"footnotes":""},"categories":[1],"tags":[],"class_list":["post-913","post","type-post","status-publish","format-standard","hentry","category-non-classe"],"yoast_head":"<!-- This site is optimized with the Yoast SEO plugin v27.5 - https:\/\/yoast.com\/product\/yoast-seo-wordpress\/ -->\n<title>Agence de photographes professionnels \u00e0 dakar senegal<\/title>\n<meta name=\"description\" content=\"Phototigui\u00a0est aussi votre agence de photographes professionnels bas\u00e9 Dakar mamelles,\u00a0 elle regroupe en son sein les meilleurs photographes de la ville de Dakar.\" \/>\n<meta name=\"robots\" content=\"index, follow, max-snippet:-1, max-image-preview:large, max-video-preview:-1\" \/>\n<link rel=\"canonical\" href=\"https:\/\/www.phototigui.com\/en\/presentation\/\" \/>\n<meta property=\"og:locale\" content=\"en_US\" \/>\n<meta property=\"og:locale:alternate\" content=\"fr_FR\" \/>\n<meta property=\"og:type\" content=\"article\" \/>\n<meta property=\"og:title\" content=\"Agence de photographes professionnels \u00e0 dakar senegal\" \/>\n<meta property=\"og:description\" content=\"Phototigui\u00a0est aussi votre agence de photographes professionnels bas\u00e9 Dakar mamelles,\u00a0 elle regroupe en son sein les meilleurs photographes de la ville de Dakar.\" \/>\n<meta property=\"og:url\" content=\"https:\/\/www.phototigui.com\/en\/presentation\/\" \/>\n<meta property=\"og:site_name\" content=\"Photographe Senegal\" \/>\n<meta property=\"article:publisher\" content=\"https:\/\/www.facebook.com\/phototigui\" \/>\n<meta property=\"article:published_time\" content=\"2018-06-19T10:39:03+00:00\" \/>\n<meta property=\"article:modified_time\" content=\"2018-12-12T14:57:30+00:00\" \/>\n<meta property=\"og:image\" content=\"http:\/\/fotota.net\/wp-content\/uploads\/2016\/10\/fototasenegal-300x171.jpg\" \/>\n<meta name=\"author\" content=\"liguidi\" \/>\n<meta name=\"twitter:card\" content=\"summary_large_image\" \/>\n<meta name=\"twitter:label1\" content=\"Written by\" \/>\n\t<meta name=\"twitter:data1\" content=\"liguidi\" \/>\n\t<meta name=\"twitter:label2\" content=\"Est. reading time\" \/>\n\t<meta name=\"twitter:data2\" content=\"1 minute\" \/>\n<script type=\"application\/ld+json\" class=\"yoast-schema-graph\">{\"@context\":\"https:\\\/\\\/schema.org\",\"@graph\":[{\"@type\":\"Article\",\"@id\":\"https:\\\/\\\/www.phototigui.com\\\/presentation\\\/#article\",\"isPartOf\":{\"@id\":\"https:\\\/\\\/www.phototigui.com\\\/presentation\\\/\"},\"author\":{\"name\":\"liguidi\",\"@id\":\"https:\\\/\\\/www.phototigui.com\\\/#\\\/schema\\\/person\\\/8547e3ea69e17a3b7839a10a86467c69\"},\"headline\":\"Presentation: Agence des photographes professionnels de Dakar\",\"datePublished\":\"2018-06-19T10:39:03+00:00\",\"dateModified\":\"2018-12-12T14:57:30+00:00\",\"mainEntityOfPage\":{\"@id\":\"https:\\\/\\\/www.phototigui.com\\\/presentation\\\/\"},\"wordCount\":271,\"commentCount\":0,\"publisher\":{\"@id\":\"https:\\\/\\\/www.phototigui.com\\\/#organization\"},\"image\":{\"@id\":\"https:\\\/\\\/www.phototigui.com\\\/presentation\\\/#primaryimage\"},\"thumbnailUrl\":\"http:\\\/\\\/fotota.net\\\/wp-content\\\/uploads\\\/2016\\\/10\\\/fototasenegal-300x171.jpg\",\"articleSection\":[\"Non class\u00e9\"],\"inLanguage\":\"en-US\",\"potentialAction\":[{\"@type\":\"CommentAction\",\"name\":\"Comment\",\"target\":[\"https:\\\/\\\/www.phototigui.com\\\/presentation\\\/#respond\"]}]},{\"@type\":\"WebPage\",\"@id\":\"https:\\\/\\\/www.phototigui.com\\\/presentation\\\/\",\"url\":\"https:\\\/\\\/www.phototigui.com\\\/presentation\\\/\",\"name\":\"Agence de photographes professionnels \u00e0 dakar senegal\",\"isPartOf\":{\"@id\":\"https:\\\/\\\/www.phototigui.com\\\/#website\"},\"primaryImageOfPage\":{\"@id\":\"https:\\\/\\\/www.phototigui.com\\\/presentation\\\/#primaryimage\"},\"image\":{\"@id\":\"https:\\\/\\\/www.phototigui.com\\\/presentation\\\/#primaryimage\"},\"thumbnailUrl\":\"http:\\\/\\\/fotota.net\\\/wp-content\\\/uploads\\\/2016\\\/10\\\/fototasenegal-300x171.jpg\",\"datePublished\":\"2018-06-19T10:39:03+00:00\",\"dateModified\":\"2018-12-12T14:57:30+00:00\",\"description\":\"Phototigui\u00a0est aussi votre agence de photographes professionnels bas\u00e9 Dakar mamelles,\u00a0 elle regroupe en son sein les meilleurs photographes de la ville de Dakar.\",\"breadcrumb\":{\"@id\":\"https:\\\/\\\/www.phototigui.com\\\/presentation\\\/#breadcrumb\"},\"inLanguage\":\"en-US\",\"potentialAction\":[{\"@type\":\"ReadAction\",\"target\":[\"https:\\\/\\\/www.phototigui.com\\\/presentation\\\/\"]}]},{\"@type\":\"ImageObject\",\"inLanguage\":\"en-US\",\"@id\":\"https:\\\/\\\/www.phototigui.com\\\/presentation\\\/#primaryimage\",\"url\":\"http:\\\/\\\/fotota.net\\\/wp-content\\\/uploads\\\/2016\\\/10\\\/fototasenegal-300x171.jpg\",\"contentUrl\":\"http:\\\/\\\/fotota.net\\\/wp-content\\\/uploads\\\/2016\\\/10\\\/fototasenegal-300x171.jpg\"},{\"@type\":\"BreadcrumbList\",\"@id\":\"https:\\\/\\\/www.phototigui.com\\\/presentation\\\/#breadcrumb\",\"itemListElement\":[{\"@type\":\"ListItem\",\"position\":1,\"name\":\"Accueil\",\"item\":\"https:\\\/\\\/www.phototigui.com\\\/\"},{\"@type\":\"ListItem\",\"position\":2,\"name\":\"Presentation: Agence des photographes professionnels de Dakar\"}]},{\"@type\":\"WebSite\",\"@id\":\"https:\\\/\\\/www.phototigui.com\\\/#website\",\"url\":\"https:\\\/\\\/www.phototigui.com\\\/\",\"name\":\"Photographe Senegal\",\"description\":\"Leader de la photographie professionnelle au Senegal\",\"publisher\":{\"@id\":\"https:\\\/\\\/www.phototigui.com\\\/#organization\"},\"potentialAction\":[{\"@type\":\"SearchAction\",\"target\":{\"@type\":\"EntryPoint\",\"urlTemplate\":\"https:\\\/\\\/www.phototigui.com\\\/?s={search_term_string}\"},\"query-input\":{\"@type\":\"PropertyValueSpecification\",\"valueRequired\":true,\"valueName\":\"search_term_string\"}}],\"inLanguage\":\"en-US\"},{\"@type\":\"Organization\",\"@id\":\"https:\\\/\\\/www.phototigui.com\\\/#organization\",\"name\":\"phototigui\",\"url\":\"https:\\\/\\\/www.phototigui.com\\\/\",\"logo\":{\"@type\":\"ImageObject\",\"inLanguage\":\"en-US\",\"@id\":\"https:\\\/\\\/www.phototigui.com\\\/#\\\/schema\\\/logo\\\/image\\\/\",\"url\":\"https:\\\/\\\/www.phototigui.com\\\/wp-content\\\/uploads\\\/2025\\\/11\\\/cropped-phototigui_logo_Narvik_Brun-Sorrell.png\",\"contentUrl\":\"https:\\\/\\\/www.phototigui.com\\\/wp-content\\\/uploads\\\/2025\\\/11\\\/cropped-phototigui_logo_Narvik_Brun-Sorrell.png\",\"width\":821,\"height\":305,\"caption\":\"phototigui\"},\"image\":{\"@id\":\"https:\\\/\\\/www.phototigui.com\\\/#\\\/schema\\\/logo\\\/image\\\/\"},\"sameAs\":[\"https:\\\/\\\/www.facebook.com\\\/phototigui\",\"https:\\\/\\\/www.instagram.com\\\/phototigui\\\/\"]},{\"@type\":\"Person\",\"@id\":\"https:\\\/\\\/www.phototigui.com\\\/#\\\/schema\\\/person\\\/8547e3ea69e17a3b7839a10a86467c69\",\"name\":\"liguidi\",\"image\":{\"@type\":\"ImageObject\",\"inLanguage\":\"en-US\",\"@id\":\"https:\\\/\\\/secure.gravatar.com\\\/avatar\\\/e8e1da85ffb7561a667d34e7db1d00cb08180797bc24edffb9b3a9264fa41497?s=96&d=mm&r=g\",\"url\":\"https:\\\/\\\/secure.gravatar.com\\\/avatar\\\/e8e1da85ffb7561a667d34e7db1d00cb08180797bc24edffb9b3a9264fa41497?s=96&d=mm&r=g\",\"contentUrl\":\"https:\\\/\\\/secure.gravatar.com\\\/avatar\\\/e8e1da85ffb7561a667d34e7db1d00cb08180797bc24edffb9b3a9264fa41497?s=96&d=mm&r=g\",\"caption\":\"liguidi\"}}]}<\/script>\n<!-- \/ Yoast SEO plugin. -->","yoast_head_json":{"title":"Agence de photographes professionnels \u00e0 dakar senegal","description":"Phototigui\u00a0est aussi votre agence de photographes professionnels bas\u00e9 Dakar mamelles,\u00a0 elle regroupe en son sein les meilleurs photographes de la ville de Dakar.","robots":{"index":"index","follow":"follow","max-snippet":"max-snippet:-1","max-image-preview":"max-image-preview:large","max-video-preview":"max-video-preview:-1"},"canonical":"https:\/\/www.phototigui.com\/en\/presentation\/","og_locale":"en_US","og_type":"article","og_title":"Agence de photographes professionnels \u00e0 dakar senegal","og_description":"Phototigui\u00a0est aussi votre agence de photographes professionnels bas\u00e9 Dakar mamelles,\u00a0 elle regroupe en son sein les meilleurs photographes de la ville de Dakar.","og_url":"https:\/\/www.phototigui.com\/en\/presentation\/","og_site_name":"Photographe Senegal","article_publisher":"https:\/\/www.facebook.com\/phototigui","article_published_time":"2018-06-19T10:39:03+00:00","article_modified_time":"2018-12-12T14:57:30+00:00","og_image":[{"url":"http:\/\/fotota.net\/wp-content\/uploads\/2016\/10\/fototasenegal-300x171.jpg","type":"","width":"","height":""}],"author":"liguidi","twitter_card":"summary_large_image","twitter_misc":{"Written by":"liguidi","Est. reading time":"1 minute"},"schema":{"@context":"https:\/\/schema.org","@graph":[{"@type":"Article","@id":"https:\/\/www.phototigui.com\/presentation\/#article","isPartOf":{"@id":"https:\/\/www.phototigui.com\/presentation\/"},"author":{"name":"liguidi","@id":"https:\/\/www.phototigui.com\/#\/schema\/person\/8547e3ea69e17a3b7839a10a86467c69"},"headline":"Presentation: Agence des photographes professionnels de Dakar","datePublished":"2018-06-19T10:39:03+00:00","dateModified":"2018-12-12T14:57:30+00:00","mainEntityOfPage":{"@id":"https:\/\/www.phototigui.com\/presentation\/"},"wordCount":271,"commentCount":0,"publisher":{"@id":"https:\/\/www.phototigui.com\/#organization"},"image":{"@id":"https:\/\/www.phototigui.com\/presentation\/#primaryimage"},"thumbnailUrl":"http:\/\/fotota.net\/wp-content\/uploads\/2016\/10\/fototasenegal-300x171.jpg","articleSection":["Non class\u00e9"],"inLanguage":"en-US","potentialAction":[{"@type":"CommentAction","name":"Comment","target":["https:\/\/www.phototigui.com\/presentation\/#respond"]}]},{"@type":"WebPage","@id":"https:\/\/www.phototigui.com\/presentation\/","url":"https:\/\/www.phototigui.com\/presentation\/","name":"Agence de photographes professionnels \u00e0 dakar senegal","isPartOf":{"@id":"https:\/\/www.phototigui.com\/#website"},"primaryImageOfPage":{"@id":"https:\/\/www.phototigui.com\/presentation\/#primaryimage"},"image":{"@id":"https:\/\/www.phototigui.com\/presentation\/#primaryimage"},"thumbnailUrl":"http:\/\/fotota.net\/wp-content\/uploads\/2016\/10\/fototasenegal-300x171.jpg","datePublished":"2018-06-19T10:39:03+00:00","dateModified":"2018-12-12T14:57:30+00:00","description":"Phototigui\u00a0est aussi votre agence de photographes professionnels bas\u00e9 Dakar mamelles,\u00a0 elle regroupe en son sein les meilleurs photographes de la ville de Dakar.","breadcrumb":{"@id":"https:\/\/www.phototigui.com\/presentation\/#breadcrumb"},"inLanguage":"en-US","potentialAction":[{"@type":"ReadAction","target":["https:\/\/www.phototigui.com\/presentation\/"]}]},{"@type":"ImageObject","inLanguage":"en-US","@id":"https:\/\/www.phototigui.com\/presentation\/#primaryimage","url":"http:\/\/fotota.net\/wp-content\/uploads\/2016\/10\/fototasenegal-300x171.jpg","contentUrl":"http:\/\/fotota.net\/wp-content\/uploads\/2016\/10\/fototasenegal-300x171.jpg"},{"@type":"BreadcrumbList","@id":"https:\/\/www.phototigui.com\/presentation\/#breadcrumb","itemListElement":[{"@type":"ListItem","position":1,"name":"Accueil","item":"https:\/\/www.phototigui.com\/"},{"@type":"ListItem","position":2,"name":"Presentation: Agence des photographes professionnels de Dakar"}]},{"@type":"WebSite","@id":"https:\/\/www.phototigui.com\/#website","url":"https:\/\/www.phototigui.com\/","name":"Photographe Senegal","description":"Leader de la photographie professionnelle au Senegal","publisher":{"@id":"https:\/\/www.phototigui.com\/#organization"},"potentialAction":[{"@type":"SearchAction","target":{"@type":"EntryPoint","urlTemplate":"https:\/\/www.phototigui.com\/?s={search_term_string}"},"query-input":{"@type":"PropertyValueSpecification","valueRequired":true,"valueName":"search_term_string"}}],"inLanguage":"en-US"},{"@type":"Organization","@id":"https:\/\/www.phototigui.com\/#organization","name":"phototigui","url":"https:\/\/www.phototigui.com\/","logo":{"@type":"ImageObject","inLanguage":"en-US","@id":"https:\/\/www.phototigui.com\/#\/schema\/logo\/image\/","url":"https:\/\/www.phototigui.com\/wp-content\/uploads\/2025\/11\/cropped-phototigui_logo_Narvik_Brun-Sorrell.png","contentUrl":"https:\/\/www.phototigui.com\/wp-content\/uploads\/2025\/11\/cropped-phototigui_logo_Narvik_Brun-Sorrell.png","width":821,"height":305,"caption":"phototigui"},"image":{"@id":"https:\/\/www.phototigui.com\/#\/schema\/logo\/image\/"},"sameAs":["https:\/\/www.facebook.com\/phototigui","https:\/\/www.instagram.com\/phototigui\/"]},{"@type":"Person","@id":"https:\/\/www.phototigui.com\/#\/schema\/person\/8547e3ea69e17a3b7839a10a86467c69","name":"liguidi","image":{"@type":"ImageObject","inLanguage":"en-US","@id":"https:\/\/secure.gravatar.com\/avatar\/e8e1da85ffb7561a667d34e7db1d00cb08180797bc24edffb9b3a9264fa41497?s=96&d=mm&r=g","url":"https:\/\/secure.gravatar.com\/avatar\/e8e1da85ffb7561a667d34e7db1d00cb08180797bc24edffb9b3a9264fa41497?s=96&d=mm&r=g","contentUrl":"https:\/\/secure.gravatar.com\/avatar\/e8e1da85ffb7561a667d34e7db1d00cb08180797bc24edffb9b3a9264fa41497?s=96&d=mm&r=g","caption":"liguidi"}}]}},"jetpack_featured_media_url":"","jetpack_sharing_enabled":true,"jetpack_shortlink":"https:\/\/wp.me\/pa3WJh-eJ","_links":{"self":[{"href":"https:\/\/www.phototigui.com\/en\/wp-json\/wp\/v2\/posts\/913","targetHints":{"allow":["GET"]}}],"collection":[{"href":"https:\/\/www.phototigui.com\/en\/wp-json\/wp\/v2\/posts"}],"about":[{"href":"https:\/\/www.phototigui.com\/en\/wp-json\/wp\/v2\/types\/post"}],"author":[{"embeddable":true,"href":"https:\/\/www.phototigui.com\/en\/wp-json\/wp\/v2\/users\/3"}],"replies":[{"embeddable":true,"href":"https:\/\/www.phototigui.com\/en\/wp-json\/wp\/v2\/comments?post=913"}],"version-history":[{"count":2,"href":"https:\/\/www.phototigui.com\/en\/wp-json\/wp\/v2\/posts\/913\/revisions"}],"predecessor-version":[{"id":1239,"href":"https:\/\/www.phototigui.com\/en\/wp-json\/wp\/v2\/posts\/913\/revisions\/1239"}],"wp:attachment":[{"href":"https:\/\/www.phototigui.com\/en\/wp-json\/wp\/v2\/media?parent=913"}],"wp:term":[{"taxonomy":"category","embeddable":true,"href":"https:\/\/www.phototigui.com\/en\/wp-json\/wp\/v2\/categories?post=913"},{"taxonomy":"post_tag","embeddable":true,"href":"https:\/\/www.phototigui.com\/en\/wp-json\/wp\/v2\/tags?post=913"}],"curies":[{"name":"wp","href":"https:\/\/api.w.org\/{rel}","templated":true}]}}