{"id":835,"date":"2018-05-27T18:46:26","date_gmt":"2018-05-27T16:46:26","guid":{"rendered":"http:\/\/phototigui.com\/?p=835"},"modified":"2018-10-28T11:06:59","modified_gmt":"2018-10-28T10:06:59","slug":"photographe-professionnel-dakar","status":"publish","type":"post","link":"https:\/\/www.phototigui.com\/en\/photographe-professionnel-dakar\/","title":{"rendered":"Photographe professionnel Dakar"},"content":{"rendered":"<h1>Photographe professionnel Dakar<\/h1>\n<p>Toute entreprise doit avoir une belle impression au&nbsp;premier contact visuel. Pour se faire, il est important de confier sa communication \u00e0 des&nbsp;professionnels comme&nbsp;<a href=\"http:\/\/phototigui.com\/\">phototigui<\/a> afin d\u2019accroitre son audience.Cependant nous ne sommes pas le seul dans ce domaine, mais chez nous vous aurez la qualit\u00e9 \u00e0 petit prix. Il faut savoir que <a href=\"http:\/\/phototigui.com\/\">phototigui<\/a>&nbsp;r\u00e9alise des reportages photo et &nbsp;vid\u00e9o de qualit\u00e9 FULL HD et 4K, des portraits d\u2019entreprise sur les lieux m\u00eame de votre travail ou en studio. Nous sommes des&nbsp;professionnels de l\u2019image et de la communication digitale.<\/p>\n","protected":false},"excerpt":{"rendered":"<div class=\"slide-text-bg2\">\n<h3>Photographe professionnel Dakar Toute entreprise doit avoir une belle impression au&nbsp;premier contact visuel. Pour se faire, il est important de<\/h3>\n<\/div>\n<div class=\"flex-btn-div\"><a href=\"https:\/\/www.phototigui.com\/en\/photographe-professionnel-dakar\/\" class=\"btn1 flex-btn\">Read More<\/a><\/div>\n","protected":false},"author":3,"featured_media":0,"comment_status":"open","ping_status":"open","sticky":false,"template":"","format":"standard","meta":{"om_disable_all_campaigns":false,"_exactmetrics_skip_tracking":false,"_exactmetrics_sitenote_active":false,"_exactmetrics_sitenote_note":"","_exactmetrics_sitenote_category":0,"_monsterinsights_skip_tracking":false,"_monsterinsights_sitenote_active":false,"_monsterinsights_sitenote_note":"","_monsterinsights_sitenote_category":0,"_uf_show_specific_survey":0,"_uf_disable_surveys":false,"_jetpack_newsletter_access":"","_jetpack_dont_email_post_to_subs":false,"_jetpack_newsletter_tier_id":0,"_jetpack_memberships_contains_paywalled_content":false,"_vp_format_video_url":"","_vp_image_focal_point":[],"_jetpack_memberships_contains_paid_content":false,"footnotes":""},"categories":[7],"tags":[],"class_list":["post-835","post","type-post","status-publish","format-standard","hentry","category-photos-entreprise"],"yoast_head":"<!-- This site is optimized with the Yoast SEO plugin v27.5 - https:\/\/yoast.com\/product\/yoast-seo-wordpress\/ -->\n<title>Photographe professionnel Dakar pour entreprises et particuliers<\/title>\n<meta name=\"description\" content=\"Le photographe professionnel d&#039;une entreprise doit faire en sorte que celle ci ait une belle impression au premier contact visuel.\" \/>\n<meta name=\"robots\" content=\"index, follow, max-snippet:-1, max-image-preview:large, max-video-preview:-1\" \/>\n<link rel=\"canonical\" href=\"https:\/\/www.phototigui.com\/en\/photographe-professionnel-dakar\/\" \/>\n<meta property=\"og:locale\" content=\"en_US\" \/>\n<meta property=\"og:locale:alternate\" content=\"fr_FR\" \/>\n<meta property=\"og:type\" content=\"article\" \/>\n<meta property=\"og:title\" content=\"Photographe professionnel Dakar pour entreprises et particuliers\" \/>\n<meta property=\"og:description\" content=\"Le photographe professionnel d&#039;une entreprise doit faire en sorte que celle ci ait une belle impression au premier contact visuel.\" \/>\n<meta property=\"og:url\" content=\"https:\/\/www.phototigui.com\/en\/photographe-professionnel-dakar\/\" \/>\n<meta property=\"og:site_name\" content=\"Photographe Senegal\" \/>\n<meta property=\"article:publisher\" content=\"https:\/\/www.facebook.com\/phototigui\" \/>\n<meta property=\"article:published_time\" content=\"2018-05-27T16:46:26+00:00\" \/>\n<meta property=\"article:modified_time\" content=\"2018-10-28T10:06:59+00:00\" \/>\n<meta name=\"author\" content=\"liguidi\" \/>\n<meta name=\"twitter:card\" content=\"summary_large_image\" \/>\n<meta name=\"twitter:label1\" content=\"Written by\" \/>\n\t<meta name=\"twitter:data1\" content=\"liguidi\" \/>\n\t<meta name=\"twitter:label2\" content=\"Est. reading time\" \/>\n\t<meta name=\"twitter:data2\" content=\"1 minute\" \/>\n<script type=\"application\/ld+json\" class=\"yoast-schema-graph\">{\"@context\":\"https:\\\/\\\/schema.org\",\"@graph\":[{\"@type\":\"Article\",\"@id\":\"https:\\\/\\\/www.phototigui.com\\\/photographe-professionnel-dakar\\\/#article\",\"isPartOf\":{\"@id\":\"https:\\\/\\\/www.phototigui.com\\\/photographe-professionnel-dakar\\\/\"},\"author\":{\"name\":\"liguidi\",\"@id\":\"https:\\\/\\\/www.phototigui.com\\\/#\\\/schema\\\/person\\\/8547e3ea69e17a3b7839a10a86467c69\"},\"headline\":\"Photographe professionnel Dakar\",\"datePublished\":\"2018-05-27T16:46:26+00:00\",\"dateModified\":\"2018-10-28T10:06:59+00:00\",\"mainEntityOfPage\":{\"@id\":\"https:\\\/\\\/www.phototigui.com\\\/photographe-professionnel-dakar\\\/\"},\"wordCount\":109,\"commentCount\":0,\"publisher\":{\"@id\":\"https:\\\/\\\/www.phototigui.com\\\/#organization\"},\"articleSection\":[\"photos entreprise\"],\"inLanguage\":\"en-US\",\"potentialAction\":[{\"@type\":\"CommentAction\",\"name\":\"Comment\",\"target\":[\"https:\\\/\\\/www.phototigui.com\\\/photographe-professionnel-dakar\\\/#respond\"]}]},{\"@type\":\"WebPage\",\"@id\":\"https:\\\/\\\/www.phototigui.com\\\/photographe-professionnel-dakar\\\/\",\"url\":\"https:\\\/\\\/www.phototigui.com\\\/photographe-professionnel-dakar\\\/\",\"name\":\"Photographe professionnel Dakar pour entreprises et particuliers\",\"isPartOf\":{\"@id\":\"https:\\\/\\\/www.phototigui.com\\\/#website\"},\"datePublished\":\"2018-05-27T16:46:26+00:00\",\"dateModified\":\"2018-10-28T10:06:59+00:00\",\"description\":\"Le photographe professionnel d'une entreprise doit faire en sorte que celle ci ait une belle impression au premier contact visuel.\",\"breadcrumb\":{\"@id\":\"https:\\\/\\\/www.phototigui.com\\\/photographe-professionnel-dakar\\\/#breadcrumb\"},\"inLanguage\":\"en-US\",\"potentialAction\":[{\"@type\":\"ReadAction\",\"target\":[\"https:\\\/\\\/www.phototigui.com\\\/photographe-professionnel-dakar\\\/\"]}]},{\"@type\":\"BreadcrumbList\",\"@id\":\"https:\\\/\\\/www.phototigui.com\\\/photographe-professionnel-dakar\\\/#breadcrumb\",\"itemListElement\":[{\"@type\":\"ListItem\",\"position\":1,\"name\":\"Accueil\",\"item\":\"https:\\\/\\\/www.phototigui.com\\\/\"},{\"@type\":\"ListItem\",\"position\":2,\"name\":\"Photographe professionnel Dakar\"}]},{\"@type\":\"WebSite\",\"@id\":\"https:\\\/\\\/www.phototigui.com\\\/#website\",\"url\":\"https:\\\/\\\/www.phototigui.com\\\/\",\"name\":\"Photographe Senegal\",\"description\":\"Leader de la photographie professionnelle au Senegal\",\"publisher\":{\"@id\":\"https:\\\/\\\/www.phototigui.com\\\/#organization\"},\"potentialAction\":[{\"@type\":\"SearchAction\",\"target\":{\"@type\":\"EntryPoint\",\"urlTemplate\":\"https:\\\/\\\/www.phototigui.com\\\/?s={search_term_string}\"},\"query-input\":{\"@type\":\"PropertyValueSpecification\",\"valueRequired\":true,\"valueName\":\"search_term_string\"}}],\"inLanguage\":\"en-US\"},{\"@type\":\"Organization\",\"@id\":\"https:\\\/\\\/www.phototigui.com\\\/#organization\",\"name\":\"phototigui\",\"url\":\"https:\\\/\\\/www.phototigui.com\\\/\",\"logo\":{\"@type\":\"ImageObject\",\"inLanguage\":\"en-US\",\"@id\":\"https:\\\/\\\/www.phototigui.com\\\/#\\\/schema\\\/logo\\\/image\\\/\",\"url\":\"https:\\\/\\\/www.phototigui.com\\\/wp-content\\\/uploads\\\/2025\\\/11\\\/cropped-phototigui_logo_Narvik_Brun-Sorrell.png\",\"contentUrl\":\"https:\\\/\\\/www.phototigui.com\\\/wp-content\\\/uploads\\\/2025\\\/11\\\/cropped-phototigui_logo_Narvik_Brun-Sorrell.png\",\"width\":821,\"height\":305,\"caption\":\"phototigui\"},\"image\":{\"@id\":\"https:\\\/\\\/www.phototigui.com\\\/#\\\/schema\\\/logo\\\/image\\\/\"},\"sameAs\":[\"https:\\\/\\\/www.facebook.com\\\/phototigui\",\"https:\\\/\\\/www.instagram.com\\\/phototigui\\\/\"]},{\"@type\":\"Person\",\"@id\":\"https:\\\/\\\/www.phototigui.com\\\/#\\\/schema\\\/person\\\/8547e3ea69e17a3b7839a10a86467c69\",\"name\":\"liguidi\",\"image\":{\"@type\":\"ImageObject\",\"inLanguage\":\"en-US\",\"@id\":\"https:\\\/\\\/secure.gravatar.com\\\/avatar\\\/e8e1da85ffb7561a667d34e7db1d00cb08180797bc24edffb9b3a9264fa41497?s=96&d=mm&r=g\",\"url\":\"https:\\\/\\\/secure.gravatar.com\\\/avatar\\\/e8e1da85ffb7561a667d34e7db1d00cb08180797bc24edffb9b3a9264fa41497?s=96&d=mm&r=g\",\"contentUrl\":\"https:\\\/\\\/secure.gravatar.com\\\/avatar\\\/e8e1da85ffb7561a667d34e7db1d00cb08180797bc24edffb9b3a9264fa41497?s=96&d=mm&r=g\",\"caption\":\"liguidi\"}}]}<\/script>\n<!-- \/ Yoast SEO plugin. -->","yoast_head_json":{"title":"Photographe professionnel Dakar pour entreprises et particuliers","description":"Le photographe professionnel d'une entreprise doit faire en sorte que celle ci ait une belle impression au premier contact visuel.","robots":{"index":"index","follow":"follow","max-snippet":"max-snippet:-1","max-image-preview":"max-image-preview:large","max-video-preview":"max-video-preview:-1"},"canonical":"https:\/\/www.phototigui.com\/en\/photographe-professionnel-dakar\/","og_locale":"en_US","og_type":"article","og_title":"Photographe professionnel Dakar pour entreprises et particuliers","og_description":"Le photographe professionnel d'une entreprise doit faire en sorte que celle ci ait une belle impression au premier contact visuel.","og_url":"https:\/\/www.phototigui.com\/en\/photographe-professionnel-dakar\/","og_site_name":"Photographe Senegal","article_publisher":"https:\/\/www.facebook.com\/phototigui","article_published_time":"2018-05-27T16:46:26+00:00","article_modified_time":"2018-10-28T10:06:59+00:00","author":"liguidi","twitter_card":"summary_large_image","twitter_misc":{"Written by":"liguidi","Est. reading time":"1 minute"},"schema":{"@context":"https:\/\/schema.org","@graph":[{"@type":"Article","@id":"https:\/\/www.phototigui.com\/photographe-professionnel-dakar\/#article","isPartOf":{"@id":"https:\/\/www.phototigui.com\/photographe-professionnel-dakar\/"},"author":{"name":"liguidi","@id":"https:\/\/www.phototigui.com\/#\/schema\/person\/8547e3ea69e17a3b7839a10a86467c69"},"headline":"Photographe professionnel Dakar","datePublished":"2018-05-27T16:46:26+00:00","dateModified":"2018-10-28T10:06:59+00:00","mainEntityOfPage":{"@id":"https:\/\/www.phototigui.com\/photographe-professionnel-dakar\/"},"wordCount":109,"commentCount":0,"publisher":{"@id":"https:\/\/www.phototigui.com\/#organization"},"articleSection":["photos entreprise"],"inLanguage":"en-US","potentialAction":[{"@type":"CommentAction","name":"Comment","target":["https:\/\/www.phototigui.com\/photographe-professionnel-dakar\/#respond"]}]},{"@type":"WebPage","@id":"https:\/\/www.phototigui.com\/photographe-professionnel-dakar\/","url":"https:\/\/www.phototigui.com\/photographe-professionnel-dakar\/","name":"Photographe professionnel Dakar pour entreprises et particuliers","isPartOf":{"@id":"https:\/\/www.phototigui.com\/#website"},"datePublished":"2018-05-27T16:46:26+00:00","dateModified":"2018-10-28T10:06:59+00:00","description":"Le photographe professionnel d'une entreprise doit faire en sorte que celle ci ait une belle impression au premier contact visuel.","breadcrumb":{"@id":"https:\/\/www.phototigui.com\/photographe-professionnel-dakar\/#breadcrumb"},"inLanguage":"en-US","potentialAction":[{"@type":"ReadAction","target":["https:\/\/www.phototigui.com\/photographe-professionnel-dakar\/"]}]},{"@type":"BreadcrumbList","@id":"https:\/\/www.phototigui.com\/photographe-professionnel-dakar\/#breadcrumb","itemListElement":[{"@type":"ListItem","position":1,"name":"Accueil","item":"https:\/\/www.phototigui.com\/"},{"@type":"ListItem","position":2,"name":"Photographe professionnel Dakar"}]},{"@type":"WebSite","@id":"https:\/\/www.phototigui.com\/#website","url":"https:\/\/www.phototigui.com\/","name":"Photographe Senegal","description":"Leader de la photographie professionnelle au Senegal","publisher":{"@id":"https:\/\/www.phototigui.com\/#organization"},"potentialAction":[{"@type":"SearchAction","target":{"@type":"EntryPoint","urlTemplate":"https:\/\/www.phototigui.com\/?s={search_term_string}"},"query-input":{"@type":"PropertyValueSpecification","valueRequired":true,"valueName":"search_term_string"}}],"inLanguage":"en-US"},{"@type":"Organization","@id":"https:\/\/www.phototigui.com\/#organization","name":"phototigui","url":"https:\/\/www.phototigui.com\/","logo":{"@type":"ImageObject","inLanguage":"en-US","@id":"https:\/\/www.phototigui.com\/#\/schema\/logo\/image\/","url":"https:\/\/www.phototigui.com\/wp-content\/uploads\/2025\/11\/cropped-phototigui_logo_Narvik_Brun-Sorrell.png","contentUrl":"https:\/\/www.phototigui.com\/wp-content\/uploads\/2025\/11\/cropped-phototigui_logo_Narvik_Brun-Sorrell.png","width":821,"height":305,"caption":"phototigui"},"image":{"@id":"https:\/\/www.phototigui.com\/#\/schema\/logo\/image\/"},"sameAs":["https:\/\/www.facebook.com\/phototigui","https:\/\/www.instagram.com\/phototigui\/"]},{"@type":"Person","@id":"https:\/\/www.phototigui.com\/#\/schema\/person\/8547e3ea69e17a3b7839a10a86467c69","name":"liguidi","image":{"@type":"ImageObject","inLanguage":"en-US","@id":"https:\/\/secure.gravatar.com\/avatar\/e8e1da85ffb7561a667d34e7db1d00cb08180797bc24edffb9b3a9264fa41497?s=96&d=mm&r=g","url":"https:\/\/secure.gravatar.com\/avatar\/e8e1da85ffb7561a667d34e7db1d00cb08180797bc24edffb9b3a9264fa41497?s=96&d=mm&r=g","contentUrl":"https:\/\/secure.gravatar.com\/avatar\/e8e1da85ffb7561a667d34e7db1d00cb08180797bc24edffb9b3a9264fa41497?s=96&d=mm&r=g","caption":"liguidi"}}]}},"jetpack_featured_media_url":"","jetpack_sharing_enabled":true,"jetpack_shortlink":"https:\/\/wp.me\/pa3WJh-dt","_links":{"self":[{"href":"https:\/\/www.phototigui.com\/en\/wp-json\/wp\/v2\/posts\/835","targetHints":{"allow":["GET"]}}],"collection":[{"href":"https:\/\/www.phototigui.com\/en\/wp-json\/wp\/v2\/posts"}],"about":[{"href":"https:\/\/www.phototigui.com\/en\/wp-json\/wp\/v2\/types\/post"}],"author":[{"embeddable":true,"href":"https:\/\/www.phototigui.com\/en\/wp-json\/wp\/v2\/users\/3"}],"replies":[{"embeddable":true,"href":"https:\/\/www.phototigui.com\/en\/wp-json\/wp\/v2\/comments?post=835"}],"version-history":[{"count":1,"href":"https:\/\/www.phototigui.com\/en\/wp-json\/wp\/v2\/posts\/835\/revisions"}],"predecessor-version":[{"id":836,"href":"https:\/\/www.phototigui.com\/en\/wp-json\/wp\/v2\/posts\/835\/revisions\/836"}],"wp:attachment":[{"href":"https:\/\/www.phototigui.com\/en\/wp-json\/wp\/v2\/media?parent=835"}],"wp:term":[{"taxonomy":"category","embeddable":true,"href":"https:\/\/www.phototigui.com\/en\/wp-json\/wp\/v2\/categories?post=835"},{"taxonomy":"post_tag","embeddable":true,"href":"https:\/\/www.phototigui.com\/en\/wp-json\/wp\/v2\/tags?post=835"}],"curies":[{"name":"wp","href":"https:\/\/api.w.org\/{rel}","templated":true}]}}