{"id":5180,"date":"2024-06-21T16:30:43","date_gmt":"2024-06-21T14:30:43","guid":{"rendered":"https:\/\/www.phototigui.com\/?p=5180"},"modified":"2026-04-24T13:51:00","modified_gmt":"2026-04-24T11:51:00","slug":"formation-atelier-photo-pour-enfants-et-ado-dakar","status":"publish","type":"post","link":"https:\/\/www.phototigui.com\/en\/formation-atelier-photo-pour-enfants-et-ado-dakar\/","title":{"rendered":"Formation de Photographie pour Enfants \u00e0 Dakar : Une Exp\u00e9rience Pratique et Ludique"},"content":{"rendered":"<p><img fetchpriority=\"high\" decoding=\"async\" class=\"alignnone size-medium wp-image-5425\" src=\"https:\/\/www.phototigui.com\/wp-content\/uploads\/2024\/06\/cours-de-photo-dakar-300x200.jpg\" alt=\"\" width=\"300\" height=\"200\" srcset=\"https:\/\/www.phototigui.com\/wp-content\/uploads\/2024\/06\/cours-de-photo-dakar-300x200.jpg 300w, https:\/\/www.phototigui.com\/wp-content\/uploads\/2024\/06\/cours-de-photo-dakar-1024x683.jpg 1024w, https:\/\/www.phototigui.com\/wp-content\/uploads\/2024\/06\/cours-de-photo-dakar-768x512.jpg 768w, https:\/\/www.phototigui.com\/wp-content\/uploads\/2024\/06\/cours-de-photo-dakar-500x333.jpg 500w, https:\/\/www.phototigui.com\/wp-content\/uploads\/2024\/06\/cours-de-photo-dakar-800x533.jpg 800w, https:\/\/www.phototigui.com\/wp-content\/uploads\/2024\/06\/cours-de-photo-dakar.jpg 1080w\" sizes=\"(max-width: 300px) 100vw, 300px\" \/><\/p>\n<p><strong>Votre enfant a l&#8217;\u0153il d&#8217;un artiste ? Prouvez-le avec la photo !<\/strong><\/p>\n<p>La photographie, c&#8217;est bien plus que prendre des selfies. C&#8217;est un super pouvoir cr\u00e9atif ! \u00c0 Dakar, une formation photo sp\u00e9cialement con\u00e7ue pour les enfants de 7 \u00e0 14 ans leur permet de d\u00e9couvrir cet art de fa\u00e7on fun et concr\u00e8te.<\/p>\n<p><strong>Pourquoi la photo pour enfants \u00e0 Dakar, c&#8217;est g\u00e9nial ?<\/strong><\/p>\n<p><img decoding=\"async\" class=\"alignnone size-medium wp-image-5426\" src=\"https:\/\/www.phototigui.com\/wp-content\/uploads\/2024\/06\/Atelier-photographie-pour-enfants-dakar-300x200.jpg\" alt=\"\" width=\"300\" height=\"200\" srcset=\"https:\/\/www.phototigui.com\/wp-content\/uploads\/2024\/06\/Atelier-photographie-pour-enfants-dakar-300x200.jpg 300w, https:\/\/www.phototigui.com\/wp-content\/uploads\/2024\/06\/Atelier-photographie-pour-enfants-dakar-1024x683.jpg 1024w, https:\/\/www.phototigui.com\/wp-content\/uploads\/2024\/06\/Atelier-photographie-pour-enfants-dakar-768x512.jpg 768w, https:\/\/www.phototigui.com\/wp-content\/uploads\/2024\/06\/Atelier-photographie-pour-enfants-dakar-1536x1024.jpg 1536w, https:\/\/www.phototigui.com\/wp-content\/uploads\/2024\/06\/Atelier-photographie-pour-enfants-dakar-2048x1365.jpg 2048w, https:\/\/www.phototigui.com\/wp-content\/uploads\/2024\/06\/Atelier-photographie-pour-enfants-dakar-500x333.jpg 500w, https:\/\/www.phototigui.com\/wp-content\/uploads\/2024\/06\/Atelier-photographie-pour-enfants-dakar-800x533.jpg 800w, https:\/\/www.phototigui.com\/wp-content\/uploads\/2024\/06\/Atelier-photographie-pour-enfants-dakar-1280x853.jpg 1280w, https:\/\/www.phototigui.com\/wp-content\/uploads\/2024\/06\/Atelier-photographie-pour-enfants-dakar-1920x1280.jpg 1920w\" sizes=\"(max-width: 300px) 100vw, 300px\" \/><\/p>\n<p>Imaginez votre enfant rentrer \u00e0 la maison avec des clich\u00e9s dignes d&#8217;un vrai photographe. En quelques semaines, il apprend \u00e0 cadrer, r\u00e9gler son appareil et m\u00eame retoucher ses photos. Et surtout, il gagne en confiance !<\/p>\n<p>Au programme : ateliers pratiques, sorties photo dans les plus beaux coins de Dakar, projets personnels et initiation aux logiciels de retouche. Pas de th\u00e9orie ennuyeuse ici \u2014 on apprend en faisant !<\/p>\n<p>Le tout encadr\u00e9 par des photographes professionnels, avec du mat\u00e9riel adapt\u00e9 aux jeunes. La s\u00e9curit\u00e9 ? Notre priorit\u00e9 absolue.<\/p>\n<p><img decoding=\"async\" class=\"alignnone size-medium wp-image-5427\" src=\"https:\/\/www.phototigui.com\/wp-content\/uploads\/2024\/06\/petitpixel-300x200.jpg\" alt=\"\" width=\"300\" height=\"200\" srcset=\"https:\/\/www.phototigui.com\/wp-content\/uploads\/2024\/06\/petitpixel-300x200.jpg 300w, https:\/\/www.phototigui.com\/wp-content\/uploads\/2024\/06\/petitpixel-1024x683.jpg 1024w, https:\/\/www.phototigui.com\/wp-content\/uploads\/2024\/06\/petitpixel-768x512.jpg 768w, https:\/\/www.phototigui.com\/wp-content\/uploads\/2024\/06\/petitpixel-500x333.jpg 500w, https:\/\/www.phototigui.com\/wp-content\/uploads\/2024\/06\/petitpixel-800x533.jpg 800w, https:\/\/www.phototigui.com\/wp-content\/uploads\/2024\/06\/petitpixel.jpg 1080w\" sizes=\"(max-width: 300px) 100vw, 300px\" \/><\/p>\n<p><strong>Infos pratiques :<\/strong><\/p>\n<ul>\n<li>\ud83d\udcc5 Tous les samedis, 14h\u201317h<\/li>\n<li>\ud83d\udccd Centre culturel de Dakar<\/li>\n<\/ul>\n<p>\ud83d\udc49 Inscrivez votre enfant d\u00e8s maintenant : <strong>+221 78 192 03 18<\/strong> ou <strong>www.phototigui.com<\/strong><\/p>\n","protected":false},"excerpt":{"rendered":"<div class=\"slide-text-bg2\">\n<h3>Votre enfant a l&#8217;\u0153il d&#8217;un artiste ? Prouvez-le avec la photo ! La photographie, c&#8217;est bien plus que prendre des<\/h3>\n<\/div>\n<div class=\"flex-btn-div\"><a href=\"https:\/\/www.phototigui.com\/en\/formation-atelier-photo-pour-enfants-et-ado-dakar\/\" class=\"btn1 flex-btn\">Read More<\/a><\/div>\n","protected":false},"author":3,"featured_media":0,"comment_status":"open","ping_status":"open","sticky":false,"template":"","format":"standard","meta":{"om_disable_all_campaigns":false,"_exactmetrics_skip_tracking":false,"_exactmetrics_sitenote_active":false,"_exactmetrics_sitenote_note":"","_exactmetrics_sitenote_category":0,"_monsterinsights_skip_tracking":false,"_monsterinsights_sitenote_active":false,"_monsterinsights_sitenote_note":"","_monsterinsights_sitenote_category":0,"_uf_show_specific_survey":0,"_uf_disable_surveys":false,"_jetpack_newsletter_access":"","_jetpack_dont_email_post_to_subs":false,"_jetpack_newsletter_tier_id":0,"_jetpack_memberships_contains_paywalled_content":false,"_vp_format_video_url":"","_vp_image_focal_point":[],"_jetpack_memberships_contains_paid_content":false,"footnotes":""},"categories":[1],"tags":[],"class_list":["post-5180","post","type-post","status-publish","format-standard","hentry","category-non-classe"],"yoast_head":"<!-- This site is optimized with the Yoast SEO plugin v27.5 - https:\/\/yoast.com\/product\/yoast-seo-wordpress\/ -->\n<title>photographe senegal<\/title>\n<meta name=\"description\" content=\"Formation et atelier photo pour enfants et ado \u00e0 Dakar au S\u00e9n\u00e9gal\" \/>\n<meta name=\"robots\" content=\"index, follow, max-snippet:-1, max-image-preview:large, max-video-preview:-1\" \/>\n<link rel=\"canonical\" href=\"https:\/\/www.phototigui.com\/en\/formation-atelier-photo-pour-enfants-et-ado-dakar\/\" \/>\n<meta property=\"og:locale\" content=\"en_US\" \/>\n<meta property=\"og:locale:alternate\" content=\"fr_FR\" \/>\n<meta property=\"og:type\" content=\"article\" \/>\n<meta property=\"og:title\" content=\"photographe senegal\" \/>\n<meta property=\"og:description\" content=\"Formation et atelier photo pour enfants et ado \u00e0 Dakar au S\u00e9n\u00e9gal\" \/>\n<meta property=\"og:url\" content=\"https:\/\/www.phototigui.com\/en\/formation-atelier-photo-pour-enfants-et-ado-dakar\/\" \/>\n<meta property=\"og:site_name\" content=\"Photographe Senegal\" \/>\n<meta property=\"article:publisher\" content=\"https:\/\/www.facebook.com\/phototigui\" \/>\n<meta property=\"article:published_time\" content=\"2024-06-21T14:30:43+00:00\" \/>\n<meta property=\"article:modified_time\" content=\"2026-04-24T11:51:00+00:00\" \/>\n<meta property=\"og:image\" content=\"https:\/\/www.phototigui.com\/wp-content\/uploads\/2024\/06\/cours-de-photo-dakar.jpg\" \/>\n\t<meta property=\"og:image:width\" content=\"1080\" \/>\n\t<meta property=\"og:image:height\" content=\"720\" \/>\n\t<meta property=\"og:image:type\" content=\"image\/jpeg\" \/>\n<meta name=\"author\" content=\"liguidi\" \/>\n<meta name=\"twitter:card\" content=\"summary_large_image\" \/>\n<meta name=\"twitter:label1\" content=\"Written by\" \/>\n\t<meta name=\"twitter:data1\" content=\"liguidi\" \/>\n\t<meta name=\"twitter:label2\" content=\"Est. reading time\" \/>\n\t<meta name=\"twitter:data2\" content=\"2 minutes\" \/>\n<script type=\"application\/ld+json\" class=\"yoast-schema-graph\">{\"@context\":\"https:\\\/\\\/schema.org\",\"@graph\":[{\"@type\":\"Article\",\"@id\":\"https:\\\/\\\/www.phototigui.com\\\/formation-atelier-photo-pour-enfants-et-ado-dakar\\\/#article\",\"isPartOf\":{\"@id\":\"https:\\\/\\\/www.phototigui.com\\\/formation-atelier-photo-pour-enfants-et-ado-dakar\\\/\"},\"author\":{\"name\":\"liguidi\",\"@id\":\"https:\\\/\\\/www.phototigui.com\\\/#\\\/schema\\\/person\\\/8547e3ea69e17a3b7839a10a86467c69\"},\"headline\":\"Formation de Photographie pour Enfants \u00e0 Dakar : Une Exp\u00e9rience Pratique et Ludique\",\"datePublished\":\"2024-06-21T14:30:43+00:00\",\"dateModified\":\"2026-04-24T11:51:00+00:00\",\"mainEntityOfPage\":{\"@id\":\"https:\\\/\\\/www.phototigui.com\\\/formation-atelier-photo-pour-enfants-et-ado-dakar\\\/\"},\"wordCount\":189,\"commentCount\":0,\"publisher\":{\"@id\":\"https:\\\/\\\/www.phototigui.com\\\/#organization\"},\"image\":{\"@id\":\"https:\\\/\\\/www.phototigui.com\\\/formation-atelier-photo-pour-enfants-et-ado-dakar\\\/#primaryimage\"},\"thumbnailUrl\":\"https:\\\/\\\/www.phototigui.com\\\/wp-content\\\/uploads\\\/2024\\\/06\\\/cours-de-photo-dakar-300x200.jpg\",\"articleSection\":[\"Non class\u00e9\"],\"inLanguage\":\"en-US\",\"potentialAction\":[{\"@type\":\"CommentAction\",\"name\":\"Comment\",\"target\":[\"https:\\\/\\\/www.phototigui.com\\\/formation-atelier-photo-pour-enfants-et-ado-dakar\\\/#respond\"]}]},{\"@type\":\"WebPage\",\"@id\":\"https:\\\/\\\/www.phototigui.com\\\/formation-atelier-photo-pour-enfants-et-ado-dakar\\\/\",\"url\":\"https:\\\/\\\/www.phototigui.com\\\/formation-atelier-photo-pour-enfants-et-ado-dakar\\\/\",\"name\":\"photographe senegal\",\"isPartOf\":{\"@id\":\"https:\\\/\\\/www.phototigui.com\\\/#website\"},\"primaryImageOfPage\":{\"@id\":\"https:\\\/\\\/www.phototigui.com\\\/formation-atelier-photo-pour-enfants-et-ado-dakar\\\/#primaryimage\"},\"image\":{\"@id\":\"https:\\\/\\\/www.phototigui.com\\\/formation-atelier-photo-pour-enfants-et-ado-dakar\\\/#primaryimage\"},\"thumbnailUrl\":\"https:\\\/\\\/www.phototigui.com\\\/wp-content\\\/uploads\\\/2024\\\/06\\\/cours-de-photo-dakar-300x200.jpg\",\"datePublished\":\"2024-06-21T14:30:43+00:00\",\"dateModified\":\"2026-04-24T11:51:00+00:00\",\"description\":\"Formation et atelier photo pour enfants et ado \u00e0 Dakar au S\u00e9n\u00e9gal\",\"breadcrumb\":{\"@id\":\"https:\\\/\\\/www.phototigui.com\\\/formation-atelier-photo-pour-enfants-et-ado-dakar\\\/#breadcrumb\"},\"inLanguage\":\"en-US\",\"potentialAction\":[{\"@type\":\"ReadAction\",\"target\":[\"https:\\\/\\\/www.phototigui.com\\\/formation-atelier-photo-pour-enfants-et-ado-dakar\\\/\"]}]},{\"@type\":\"ImageObject\",\"inLanguage\":\"en-US\",\"@id\":\"https:\\\/\\\/www.phototigui.com\\\/formation-atelier-photo-pour-enfants-et-ado-dakar\\\/#primaryimage\",\"url\":\"https:\\\/\\\/www.phototigui.com\\\/wp-content\\\/uploads\\\/2024\\\/06\\\/cours-de-photo-dakar-300x200.jpg\",\"contentUrl\":\"https:\\\/\\\/www.phototigui.com\\\/wp-content\\\/uploads\\\/2024\\\/06\\\/cours-de-photo-dakar-300x200.jpg\"},{\"@type\":\"BreadcrumbList\",\"@id\":\"https:\\\/\\\/www.phototigui.com\\\/formation-atelier-photo-pour-enfants-et-ado-dakar\\\/#breadcrumb\",\"itemListElement\":[{\"@type\":\"ListItem\",\"position\":1,\"name\":\"Accueil\",\"item\":\"https:\\\/\\\/www.phototigui.com\\\/\"},{\"@type\":\"ListItem\",\"position\":2,\"name\":\"Formation de Photographie pour Enfants \u00e0 Dakar : Une Exp\u00e9rience Pratique et Ludique\"}]},{\"@type\":\"WebSite\",\"@id\":\"https:\\\/\\\/www.phototigui.com\\\/#website\",\"url\":\"https:\\\/\\\/www.phototigui.com\\\/\",\"name\":\"Photographe Senegal\",\"description\":\"Leader de la photographie professionnelle au Senegal\",\"publisher\":{\"@id\":\"https:\\\/\\\/www.phototigui.com\\\/#organization\"},\"potentialAction\":[{\"@type\":\"SearchAction\",\"target\":{\"@type\":\"EntryPoint\",\"urlTemplate\":\"https:\\\/\\\/www.phototigui.com\\\/?s={search_term_string}\"},\"query-input\":{\"@type\":\"PropertyValueSpecification\",\"valueRequired\":true,\"valueName\":\"search_term_string\"}}],\"inLanguage\":\"en-US\"},{\"@type\":\"Organization\",\"@id\":\"https:\\\/\\\/www.phototigui.com\\\/#organization\",\"name\":\"phototigui\",\"url\":\"https:\\\/\\\/www.phototigui.com\\\/\",\"logo\":{\"@type\":\"ImageObject\",\"inLanguage\":\"en-US\",\"@id\":\"https:\\\/\\\/www.phototigui.com\\\/#\\\/schema\\\/logo\\\/image\\\/\",\"url\":\"https:\\\/\\\/www.phototigui.com\\\/wp-content\\\/uploads\\\/2025\\\/11\\\/cropped-phototigui_logo_Narvik_Brun-Sorrell.png\",\"contentUrl\":\"https:\\\/\\\/www.phototigui.com\\\/wp-content\\\/uploads\\\/2025\\\/11\\\/cropped-phototigui_logo_Narvik_Brun-Sorrell.png\",\"width\":821,\"height\":305,\"caption\":\"phototigui\"},\"image\":{\"@id\":\"https:\\\/\\\/www.phototigui.com\\\/#\\\/schema\\\/logo\\\/image\\\/\"},\"sameAs\":[\"https:\\\/\\\/www.facebook.com\\\/phototigui\",\"https:\\\/\\\/www.instagram.com\\\/phototigui\\\/\"]},{\"@type\":\"Person\",\"@id\":\"https:\\\/\\\/www.phototigui.com\\\/#\\\/schema\\\/person\\\/8547e3ea69e17a3b7839a10a86467c69\",\"name\":\"liguidi\",\"image\":{\"@type\":\"ImageObject\",\"inLanguage\":\"en-US\",\"@id\":\"https:\\\/\\\/secure.gravatar.com\\\/avatar\\\/e8e1da85ffb7561a667d34e7db1d00cb08180797bc24edffb9b3a9264fa41497?s=96&d=mm&r=g\",\"url\":\"https:\\\/\\\/secure.gravatar.com\\\/avatar\\\/e8e1da85ffb7561a667d34e7db1d00cb08180797bc24edffb9b3a9264fa41497?s=96&d=mm&r=g\",\"contentUrl\":\"https:\\\/\\\/secure.gravatar.com\\\/avatar\\\/e8e1da85ffb7561a667d34e7db1d00cb08180797bc24edffb9b3a9264fa41497?s=96&d=mm&r=g\",\"caption\":\"liguidi\"}}]}<\/script>\n<!-- \/ Yoast SEO plugin. -->","yoast_head_json":{"title":"photographe senegal","description":"Formation et atelier photo pour enfants et ado \u00e0 Dakar au S\u00e9n\u00e9gal","robots":{"index":"index","follow":"follow","max-snippet":"max-snippet:-1","max-image-preview":"max-image-preview:large","max-video-preview":"max-video-preview:-1"},"canonical":"https:\/\/www.phototigui.com\/en\/formation-atelier-photo-pour-enfants-et-ado-dakar\/","og_locale":"en_US","og_type":"article","og_title":"photographe senegal","og_description":"[:fr]Formation et atelier photo pour enfants et ado \u00e0 Dakar au S\u00e9n\u00e9gal[:]","og_url":"https:\/\/www.phototigui.com\/en\/formation-atelier-photo-pour-enfants-et-ado-dakar\/","og_site_name":"Photographe Senegal","article_publisher":"https:\/\/www.facebook.com\/phototigui","article_published_time":"2024-06-21T14:30:43+00:00","article_modified_time":"2026-04-24T11:51:00+00:00","og_image":[{"width":1080,"height":720,"url":"https:\/\/www.phototigui.com\/wp-content\/uploads\/2024\/06\/cours-de-photo-dakar.jpg","type":"image\/jpeg"}],"author":"liguidi","twitter_card":"summary_large_image","twitter_misc":{"Written by":"liguidi","Est. reading time":"2 minutes"},"schema":{"@context":"https:\/\/schema.org","@graph":[{"@type":"Article","@id":"https:\/\/www.phototigui.com\/formation-atelier-photo-pour-enfants-et-ado-dakar\/#article","isPartOf":{"@id":"https:\/\/www.phototigui.com\/formation-atelier-photo-pour-enfants-et-ado-dakar\/"},"author":{"name":"liguidi","@id":"https:\/\/www.phototigui.com\/#\/schema\/person\/8547e3ea69e17a3b7839a10a86467c69"},"headline":"Formation de Photographie pour Enfants \u00e0 Dakar : Une Exp\u00e9rience Pratique et Ludique","datePublished":"2024-06-21T14:30:43+00:00","dateModified":"2026-04-24T11:51:00+00:00","mainEntityOfPage":{"@id":"https:\/\/www.phototigui.com\/formation-atelier-photo-pour-enfants-et-ado-dakar\/"},"wordCount":189,"commentCount":0,"publisher":{"@id":"https:\/\/www.phototigui.com\/#organization"},"image":{"@id":"https:\/\/www.phototigui.com\/formation-atelier-photo-pour-enfants-et-ado-dakar\/#primaryimage"},"thumbnailUrl":"https:\/\/www.phototigui.com\/wp-content\/uploads\/2024\/06\/cours-de-photo-dakar-300x200.jpg","articleSection":["Non class\u00e9"],"inLanguage":"en-US","potentialAction":[{"@type":"CommentAction","name":"Comment","target":["https:\/\/www.phototigui.com\/formation-atelier-photo-pour-enfants-et-ado-dakar\/#respond"]}]},{"@type":"WebPage","@id":"https:\/\/www.phototigui.com\/formation-atelier-photo-pour-enfants-et-ado-dakar\/","url":"https:\/\/www.phototigui.com\/formation-atelier-photo-pour-enfants-et-ado-dakar\/","name":"photographe senegal","isPartOf":{"@id":"https:\/\/www.phototigui.com\/#website"},"primaryImageOfPage":{"@id":"https:\/\/www.phototigui.com\/formation-atelier-photo-pour-enfants-et-ado-dakar\/#primaryimage"},"image":{"@id":"https:\/\/www.phototigui.com\/formation-atelier-photo-pour-enfants-et-ado-dakar\/#primaryimage"},"thumbnailUrl":"https:\/\/www.phototigui.com\/wp-content\/uploads\/2024\/06\/cours-de-photo-dakar-300x200.jpg","datePublished":"2024-06-21T14:30:43+00:00","dateModified":"2026-04-24T11:51:00+00:00","description":"Formation et atelier photo pour enfants et ado \u00e0 Dakar au S\u00e9n\u00e9gal","breadcrumb":{"@id":"https:\/\/www.phototigui.com\/formation-atelier-photo-pour-enfants-et-ado-dakar\/#breadcrumb"},"inLanguage":"en-US","potentialAction":[{"@type":"ReadAction","target":["https:\/\/www.phototigui.com\/formation-atelier-photo-pour-enfants-et-ado-dakar\/"]}]},{"@type":"ImageObject","inLanguage":"en-US","@id":"https:\/\/www.phototigui.com\/formation-atelier-photo-pour-enfants-et-ado-dakar\/#primaryimage","url":"https:\/\/www.phototigui.com\/wp-content\/uploads\/2024\/06\/cours-de-photo-dakar-300x200.jpg","contentUrl":"https:\/\/www.phototigui.com\/wp-content\/uploads\/2024\/06\/cours-de-photo-dakar-300x200.jpg"},{"@type":"BreadcrumbList","@id":"https:\/\/www.phototigui.com\/formation-atelier-photo-pour-enfants-et-ado-dakar\/#breadcrumb","itemListElement":[{"@type":"ListItem","position":1,"name":"Accueil","item":"https:\/\/www.phototigui.com\/"},{"@type":"ListItem","position":2,"name":"Formation de Photographie pour Enfants \u00e0 Dakar : Une Exp\u00e9rience Pratique et Ludique"}]},{"@type":"WebSite","@id":"https:\/\/www.phototigui.com\/#website","url":"https:\/\/www.phototigui.com\/","name":"Photographe Senegal","description":"Leader de la photographie professionnelle au Senegal","publisher":{"@id":"https:\/\/www.phototigui.com\/#organization"},"potentialAction":[{"@type":"SearchAction","target":{"@type":"EntryPoint","urlTemplate":"https:\/\/www.phototigui.com\/?s={search_term_string}"},"query-input":{"@type":"PropertyValueSpecification","valueRequired":true,"valueName":"search_term_string"}}],"inLanguage":"en-US"},{"@type":"Organization","@id":"https:\/\/www.phototigui.com\/#organization","name":"phototigui","url":"https:\/\/www.phototigui.com\/","logo":{"@type":"ImageObject","inLanguage":"en-US","@id":"https:\/\/www.phototigui.com\/#\/schema\/logo\/image\/","url":"https:\/\/www.phototigui.com\/wp-content\/uploads\/2025\/11\/cropped-phototigui_logo_Narvik_Brun-Sorrell.png","contentUrl":"https:\/\/www.phototigui.com\/wp-content\/uploads\/2025\/11\/cropped-phototigui_logo_Narvik_Brun-Sorrell.png","width":821,"height":305,"caption":"phototigui"},"image":{"@id":"https:\/\/www.phototigui.com\/#\/schema\/logo\/image\/"},"sameAs":["https:\/\/www.facebook.com\/phototigui","https:\/\/www.instagram.com\/phototigui\/"]},{"@type":"Person","@id":"https:\/\/www.phototigui.com\/#\/schema\/person\/8547e3ea69e17a3b7839a10a86467c69","name":"liguidi","image":{"@type":"ImageObject","inLanguage":"en-US","@id":"https:\/\/secure.gravatar.com\/avatar\/e8e1da85ffb7561a667d34e7db1d00cb08180797bc24edffb9b3a9264fa41497?s=96&d=mm&r=g","url":"https:\/\/secure.gravatar.com\/avatar\/e8e1da85ffb7561a667d34e7db1d00cb08180797bc24edffb9b3a9264fa41497?s=96&d=mm&r=g","contentUrl":"https:\/\/secure.gravatar.com\/avatar\/e8e1da85ffb7561a667d34e7db1d00cb08180797bc24edffb9b3a9264fa41497?s=96&d=mm&r=g","caption":"liguidi"}}]}},"jetpack_featured_media_url":"","jetpack_sharing_enabled":true,"jetpack_shortlink":"https:\/\/wp.me\/pa3WJh-1ly","_links":{"self":[{"href":"https:\/\/www.phototigui.com\/en\/wp-json\/wp\/v2\/posts\/5180","targetHints":{"allow":["GET"]}}],"collection":[{"href":"https:\/\/www.phototigui.com\/en\/wp-json\/wp\/v2\/posts"}],"about":[{"href":"https:\/\/www.phototigui.com\/en\/wp-json\/wp\/v2\/types\/post"}],"author":[{"embeddable":true,"href":"https:\/\/www.phototigui.com\/en\/wp-json\/wp\/v2\/users\/3"}],"replies":[{"embeddable":true,"href":"https:\/\/www.phototigui.com\/en\/wp-json\/wp\/v2\/comments?post=5180"}],"version-history":[{"count":4,"href":"https:\/\/www.phototigui.com\/en\/wp-json\/wp\/v2\/posts\/5180\/revisions"}],"predecessor-version":[{"id":5429,"href":"https:\/\/www.phototigui.com\/en\/wp-json\/wp\/v2\/posts\/5180\/revisions\/5429"}],"wp:attachment":[{"href":"https:\/\/www.phototigui.com\/en\/wp-json\/wp\/v2\/media?parent=5180"}],"wp:term":[{"taxonomy":"category","embeddable":true,"href":"https:\/\/www.phototigui.com\/en\/wp-json\/wp\/v2\/categories?post=5180"},{"taxonomy":"post_tag","embeddable":true,"href":"https:\/\/www.phototigui.com\/en\/wp-json\/wp\/v2\/tags?post=5180"}],"curies":[{"name":"wp","href":"https:\/\/api.w.org\/{rel}","templated":true}]}}