{"id":4340,"date":"2022-03-31T11:44:42","date_gmt":"2022-03-31T09:44:42","guid":{"rendered":"https:\/\/www.phototigui.com\/?p=4340"},"modified":"2022-03-31T11:49:46","modified_gmt":"2022-03-31T09:49:46","slug":"photo-pour-passeport-carte-didentite-ou-visa-au-senegal","status":"publish","type":"post","link":"https:\/\/www.phototigui.com\/en\/photo-pour-passeport-carte-didentite-ou-visa-au-senegal\/","title":{"rendered":"Photo pour passeport, carte d&#8217;identit\u00e9 ou visa au S\u00e9n\u00e9gal"},"content":{"rendered":"<p><img decoding=\"async\" class=\"alignnone size-medium wp-image-4341\" src=\"https:\/\/www.phototigui.com\/wp-content\/uploads\/2022\/03\/photo-identite-senegal-iD-1024x430-1-300x126.png\" alt=\"\" width=\"300\" height=\"126\"><\/p>\n<p>Pour faire une demande de visa, de carte d\u2019identit\u00e9 ou de passeport au S\u00e9n\u00e9gal, vous devez fournir une photo d\u2019identit\u00e9 conforme \u00e0 certains crit\u00e8res. Vous devez faire faire une photo d\u2019identit\u00e9 chez un photographe professionnel.<\/p>\n<p><strong>Crit\u00e8res applicables aux photos pour passeport, carte d\u2019identit\u00e9 ou visa<\/strong><\/p>\n<p>La photo d\u2019un visa, d&#8217;un passeport ou d&#8217;une carte d\u2019identit\u00e9 doit satisfaire \u00e0 un certain nombre de crit\u00e8res portant sur&nbsp;: les dimensions, la qualit\u00e9, l&#8217;arri\u00e8re-plan, la fid\u00e9lit\u00e9 du rendu, la position, l&#8217;expression, les lunettes, l&#8217;\u00e9clairage et le cadrage. Seules les photos conformes aux crit\u00e8res seront accept\u00e9es.<\/p>\n<p><img fetchpriority=\"high\" decoding=\"async\" class=\"alignnone size-medium wp-image-4342\" src=\"https:\/\/www.phototigui.com\/wp-content\/uploads\/2022\/03\/photo-passport_45x35mm-237x300.jpeg\" alt=\"\" width=\"237\" height=\"300\"><\/p>\n<p><strong>O\u00f9 faire une photo d&#8217;identit\u00e9 \u00e0 Dakar?<\/strong><\/p>\n<p>Vous pouvez faire une photo pour votre passeport, votre carte d&#8217;identit\u00e9 chez <a href=\"http:\/\/www.phototigui.com\">PHOTOTIGUI<\/a> qui est un photographe professionnel qui travaille dans le d\u00e9lais.<\/p>\n<p><strong>Adresse <\/strong><\/p>\n<p><strong>Villa B13 Ouakam mamelles<\/strong><\/p>\n<p><strong><a href=\"http:\/\/www.phototigui.com\">www.phototigui.com<\/a><\/strong><\/p>\n<p><strong>Tel 00221 78&nbsp;192 03 18<\/strong><\/p>\n","protected":false},"excerpt":{"rendered":"<div class=\"slide-text-bg2\">\n<h3>Pour faire une demande de visa, de carte d\u2019identit\u00e9 ou de passeport au S\u00e9n\u00e9gal, vous devez fournir une photo d\u2019identit\u00e9<\/h3>\n<\/div>\n<div class=\"flex-btn-div\"><a href=\"https:\/\/www.phototigui.com\/en\/photo-pour-passeport-carte-didentite-ou-visa-au-senegal\/\" class=\"btn1 flex-btn\">Read More<\/a><\/div>\n","protected":false},"author":3,"featured_media":0,"comment_status":"open","ping_status":"open","sticky":false,"template":"","format":"standard","meta":{"om_disable_all_campaigns":false,"_exactmetrics_skip_tracking":false,"_exactmetrics_sitenote_active":false,"_exactmetrics_sitenote_note":"","_exactmetrics_sitenote_category":0,"_monsterinsights_skip_tracking":false,"_monsterinsights_sitenote_active":false,"_monsterinsights_sitenote_note":"","_monsterinsights_sitenote_category":0,"_uf_show_specific_survey":0,"_uf_disable_surveys":false,"_jetpack_newsletter_access":"","_jetpack_dont_email_post_to_subs":false,"_jetpack_newsletter_tier_id":0,"_jetpack_memberships_contains_paywalled_content":false,"_vp_format_video_url":"","_vp_image_focal_point":[],"_jetpack_memberships_contains_paid_content":false,"footnotes":""},"categories":[10],"tags":[],"class_list":["post-4340","post","type-post","status-publish","format-standard","hentry","category-portrait"],"yoast_head":"<!-- This site is optimized with the Yoast SEO plugin v27.5 - https:\/\/yoast.com\/product\/yoast-seo-wordpress\/ -->\n<title>photographe senegal<\/title>\n<meta name=\"description\" content=\"Vous cherchez un studio photo professionnel pour photo passeport, carte d&#039;identit\u00e9 ou visa \u00e0 Dakar au S\u00e9n\u00e9gal?\" \/>\n<meta name=\"robots\" content=\"index, follow, max-snippet:-1, max-image-preview:large, max-video-preview:-1\" \/>\n<link rel=\"canonical\" href=\"https:\/\/www.phototigui.com\/en\/photo-pour-passeport-carte-didentite-ou-visa-au-senegal\/\" \/>\n<meta property=\"og:locale\" content=\"en_US\" \/>\n<meta property=\"og:locale:alternate\" content=\"fr_FR\" \/>\n<meta property=\"og:type\" content=\"article\" \/>\n<meta property=\"og:title\" content=\"photographe senegal\" \/>\n<meta property=\"og:description\" content=\"Vous cherchez un studio photo professionnel pour photo passeport, carte d&#039;identit\u00e9 ou visa \u00e0 Dakar au S\u00e9n\u00e9gal?\" \/>\n<meta property=\"og:url\" content=\"https:\/\/www.phototigui.com\/en\/photo-pour-passeport-carte-didentite-ou-visa-au-senegal\/\" \/>\n<meta property=\"og:site_name\" content=\"Photographe Senegal\" \/>\n<meta property=\"article:publisher\" content=\"https:\/\/www.facebook.com\/phototigui\" \/>\n<meta property=\"article:published_time\" content=\"2022-03-31T09:44:42+00:00\" \/>\n<meta property=\"article:modified_time\" content=\"2022-03-31T09:49:46+00:00\" \/>\n<meta property=\"og:image\" content=\"https:\/\/www.phototigui.com\/wp-content\/uploads\/2022\/03\/photo-passport_45x35mm.jpeg\" \/>\n\t<meta property=\"og:image:width\" content=\"988\" \/>\n\t<meta property=\"og:image:height\" content=\"1250\" \/>\n\t<meta property=\"og:image:type\" content=\"image\/jpeg\" \/>\n<meta name=\"author\" content=\"liguidi\" \/>\n<meta name=\"twitter:card\" content=\"summary_large_image\" \/>\n<meta name=\"twitter:label1\" content=\"Written by\" \/>\n\t<meta name=\"twitter:data1\" content=\"liguidi\" \/>\n\t<meta name=\"twitter:label2\" content=\"Est. reading time\" \/>\n\t<meta name=\"twitter:data2\" content=\"2 minutes\" \/>\n<script type=\"application\/ld+json\" class=\"yoast-schema-graph\">{\"@context\":\"https:\\\/\\\/schema.org\",\"@graph\":[{\"@type\":\"Article\",\"@id\":\"https:\\\/\\\/www.phototigui.com\\\/photo-pour-passeport-carte-didentite-ou-visa-au-senegal\\\/#article\",\"isPartOf\":{\"@id\":\"https:\\\/\\\/www.phototigui.com\\\/photo-pour-passeport-carte-didentite-ou-visa-au-senegal\\\/\"},\"author\":{\"name\":\"liguidi\",\"@id\":\"https:\\\/\\\/www.phototigui.com\\\/#\\\/schema\\\/person\\\/8547e3ea69e17a3b7839a10a86467c69\"},\"headline\":\"Photo pour passeport, carte d&#8217;identit\u00e9 ou visa au S\u00e9n\u00e9gal\",\"datePublished\":\"2022-03-31T09:44:42+00:00\",\"dateModified\":\"2022-03-31T09:49:46+00:00\",\"mainEntityOfPage\":{\"@id\":\"https:\\\/\\\/www.phototigui.com\\\/photo-pour-passeport-carte-didentite-ou-visa-au-senegal\\\/\"},\"wordCount\":166,\"commentCount\":1,\"publisher\":{\"@id\":\"https:\\\/\\\/www.phototigui.com\\\/#organization\"},\"image\":{\"@id\":\"https:\\\/\\\/www.phototigui.com\\\/photo-pour-passeport-carte-didentite-ou-visa-au-senegal\\\/#primaryimage\"},\"thumbnailUrl\":\"https:\\\/\\\/www.phototigui.com\\\/wp-content\\\/uploads\\\/2022\\\/03\\\/photo-identite-senegal-iD-1024x430-1-300x126.png\",\"articleSection\":[\"Portrait\"],\"inLanguage\":\"en-US\",\"potentialAction\":[{\"@type\":\"CommentAction\",\"name\":\"Comment\",\"target\":[\"https:\\\/\\\/www.phototigui.com\\\/photo-pour-passeport-carte-didentite-ou-visa-au-senegal\\\/#respond\"]}]},{\"@type\":\"WebPage\",\"@id\":\"https:\\\/\\\/www.phototigui.com\\\/photo-pour-passeport-carte-didentite-ou-visa-au-senegal\\\/\",\"url\":\"https:\\\/\\\/www.phototigui.com\\\/photo-pour-passeport-carte-didentite-ou-visa-au-senegal\\\/\",\"name\":\"photographe senegal\",\"isPartOf\":{\"@id\":\"https:\\\/\\\/www.phototigui.com\\\/#website\"},\"primaryImageOfPage\":{\"@id\":\"https:\\\/\\\/www.phototigui.com\\\/photo-pour-passeport-carte-didentite-ou-visa-au-senegal\\\/#primaryimage\"},\"image\":{\"@id\":\"https:\\\/\\\/www.phototigui.com\\\/photo-pour-passeport-carte-didentite-ou-visa-au-senegal\\\/#primaryimage\"},\"thumbnailUrl\":\"https:\\\/\\\/www.phototigui.com\\\/wp-content\\\/uploads\\\/2022\\\/03\\\/photo-identite-senegal-iD-1024x430-1-300x126.png\",\"datePublished\":\"2022-03-31T09:44:42+00:00\",\"dateModified\":\"2022-03-31T09:49:46+00:00\",\"description\":\"Vous cherchez un studio photo professionnel pour photo passeport, carte d'identit\u00e9 ou visa \u00e0 Dakar au S\u00e9n\u00e9gal?\",\"breadcrumb\":{\"@id\":\"https:\\\/\\\/www.phototigui.com\\\/photo-pour-passeport-carte-didentite-ou-visa-au-senegal\\\/#breadcrumb\"},\"inLanguage\":\"en-US\",\"potentialAction\":[{\"@type\":\"ReadAction\",\"target\":[\"https:\\\/\\\/www.phototigui.com\\\/photo-pour-passeport-carte-didentite-ou-visa-au-senegal\\\/\"]}]},{\"@type\":\"ImageObject\",\"inLanguage\":\"en-US\",\"@id\":\"https:\\\/\\\/www.phototigui.com\\\/photo-pour-passeport-carte-didentite-ou-visa-au-senegal\\\/#primaryimage\",\"url\":\"https:\\\/\\\/www.phototigui.com\\\/wp-content\\\/uploads\\\/2022\\\/03\\\/photo-identite-senegal-iD-1024x430-1-300x126.png\",\"contentUrl\":\"https:\\\/\\\/www.phototigui.com\\\/wp-content\\\/uploads\\\/2022\\\/03\\\/photo-identite-senegal-iD-1024x430-1-300x126.png\"},{\"@type\":\"BreadcrumbList\",\"@id\":\"https:\\\/\\\/www.phototigui.com\\\/photo-pour-passeport-carte-didentite-ou-visa-au-senegal\\\/#breadcrumb\",\"itemListElement\":[{\"@type\":\"ListItem\",\"position\":1,\"name\":\"Accueil\",\"item\":\"https:\\\/\\\/www.phototigui.com\\\/\"},{\"@type\":\"ListItem\",\"position\":2,\"name\":\"Photo pour passeport, carte d&rsquo;identit\u00e9 ou visa au S\u00e9n\u00e9gal\"}]},{\"@type\":\"WebSite\",\"@id\":\"https:\\\/\\\/www.phototigui.com\\\/#website\",\"url\":\"https:\\\/\\\/www.phototigui.com\\\/\",\"name\":\"Photographe Senegal\",\"description\":\"Leader de la photographie professionnelle au Senegal\",\"publisher\":{\"@id\":\"https:\\\/\\\/www.phototigui.com\\\/#organization\"},\"potentialAction\":[{\"@type\":\"SearchAction\",\"target\":{\"@type\":\"EntryPoint\",\"urlTemplate\":\"https:\\\/\\\/www.phototigui.com\\\/?s={search_term_string}\"},\"query-input\":{\"@type\":\"PropertyValueSpecification\",\"valueRequired\":true,\"valueName\":\"search_term_string\"}}],\"inLanguage\":\"en-US\"},{\"@type\":\"Organization\",\"@id\":\"https:\\\/\\\/www.phototigui.com\\\/#organization\",\"name\":\"phototigui\",\"url\":\"https:\\\/\\\/www.phototigui.com\\\/\",\"logo\":{\"@type\":\"ImageObject\",\"inLanguage\":\"en-US\",\"@id\":\"https:\\\/\\\/www.phototigui.com\\\/#\\\/schema\\\/logo\\\/image\\\/\",\"url\":\"https:\\\/\\\/www.phototigui.com\\\/wp-content\\\/uploads\\\/2025\\\/11\\\/cropped-phototigui_logo_Narvik_Brun-Sorrell.png\",\"contentUrl\":\"https:\\\/\\\/www.phototigui.com\\\/wp-content\\\/uploads\\\/2025\\\/11\\\/cropped-phototigui_logo_Narvik_Brun-Sorrell.png\",\"width\":821,\"height\":305,\"caption\":\"phototigui\"},\"image\":{\"@id\":\"https:\\\/\\\/www.phototigui.com\\\/#\\\/schema\\\/logo\\\/image\\\/\"},\"sameAs\":[\"https:\\\/\\\/www.facebook.com\\\/phototigui\",\"https:\\\/\\\/www.instagram.com\\\/phototigui\\\/\"]},{\"@type\":\"Person\",\"@id\":\"https:\\\/\\\/www.phototigui.com\\\/#\\\/schema\\\/person\\\/8547e3ea69e17a3b7839a10a86467c69\",\"name\":\"liguidi\",\"image\":{\"@type\":\"ImageObject\",\"inLanguage\":\"en-US\",\"@id\":\"https:\\\/\\\/secure.gravatar.com\\\/avatar\\\/e8e1da85ffb7561a667d34e7db1d00cb08180797bc24edffb9b3a9264fa41497?s=96&d=mm&r=g\",\"url\":\"https:\\\/\\\/secure.gravatar.com\\\/avatar\\\/e8e1da85ffb7561a667d34e7db1d00cb08180797bc24edffb9b3a9264fa41497?s=96&d=mm&r=g\",\"contentUrl\":\"https:\\\/\\\/secure.gravatar.com\\\/avatar\\\/e8e1da85ffb7561a667d34e7db1d00cb08180797bc24edffb9b3a9264fa41497?s=96&d=mm&r=g\",\"caption\":\"liguidi\"}}]}<\/script>\n<!-- \/ Yoast SEO plugin. -->","yoast_head_json":{"title":"photographe senegal","description":"Vous cherchez un studio photo professionnel pour photo passeport, carte d'identit\u00e9 ou visa \u00e0 Dakar au S\u00e9n\u00e9gal?","robots":{"index":"index","follow":"follow","max-snippet":"max-snippet:-1","max-image-preview":"max-image-preview:large","max-video-preview":"max-video-preview:-1"},"canonical":"https:\/\/www.phototigui.com\/en\/photo-pour-passeport-carte-didentite-ou-visa-au-senegal\/","og_locale":"en_US","og_type":"article","og_title":"photographe senegal","og_description":"Vous cherchez un studio photo professionnel pour photo passeport, carte d'identit\u00e9 ou visa \u00e0 Dakar au S\u00e9n\u00e9gal?","og_url":"https:\/\/www.phototigui.com\/en\/photo-pour-passeport-carte-didentite-ou-visa-au-senegal\/","og_site_name":"Photographe Senegal","article_publisher":"https:\/\/www.facebook.com\/phototigui","article_published_time":"2022-03-31T09:44:42+00:00","article_modified_time":"2022-03-31T09:49:46+00:00","og_image":[{"width":988,"height":1250,"url":"https:\/\/www.phototigui.com\/wp-content\/uploads\/2022\/03\/photo-passport_45x35mm.jpeg","type":"image\/jpeg"}],"author":"liguidi","twitter_card":"summary_large_image","twitter_misc":{"Written by":"liguidi","Est. reading time":"2 minutes"},"schema":{"@context":"https:\/\/schema.org","@graph":[{"@type":"Article","@id":"https:\/\/www.phototigui.com\/photo-pour-passeport-carte-didentite-ou-visa-au-senegal\/#article","isPartOf":{"@id":"https:\/\/www.phototigui.com\/photo-pour-passeport-carte-didentite-ou-visa-au-senegal\/"},"author":{"name":"liguidi","@id":"https:\/\/www.phototigui.com\/#\/schema\/person\/8547e3ea69e17a3b7839a10a86467c69"},"headline":"Photo pour passeport, carte d&#8217;identit\u00e9 ou visa au S\u00e9n\u00e9gal","datePublished":"2022-03-31T09:44:42+00:00","dateModified":"2022-03-31T09:49:46+00:00","mainEntityOfPage":{"@id":"https:\/\/www.phototigui.com\/photo-pour-passeport-carte-didentite-ou-visa-au-senegal\/"},"wordCount":166,"commentCount":1,"publisher":{"@id":"https:\/\/www.phototigui.com\/#organization"},"image":{"@id":"https:\/\/www.phototigui.com\/photo-pour-passeport-carte-didentite-ou-visa-au-senegal\/#primaryimage"},"thumbnailUrl":"https:\/\/www.phototigui.com\/wp-content\/uploads\/2022\/03\/photo-identite-senegal-iD-1024x430-1-300x126.png","articleSection":["Portrait"],"inLanguage":"en-US","potentialAction":[{"@type":"CommentAction","name":"Comment","target":["https:\/\/www.phototigui.com\/photo-pour-passeport-carte-didentite-ou-visa-au-senegal\/#respond"]}]},{"@type":"WebPage","@id":"https:\/\/www.phototigui.com\/photo-pour-passeport-carte-didentite-ou-visa-au-senegal\/","url":"https:\/\/www.phototigui.com\/photo-pour-passeport-carte-didentite-ou-visa-au-senegal\/","name":"photographe senegal","isPartOf":{"@id":"https:\/\/www.phototigui.com\/#website"},"primaryImageOfPage":{"@id":"https:\/\/www.phototigui.com\/photo-pour-passeport-carte-didentite-ou-visa-au-senegal\/#primaryimage"},"image":{"@id":"https:\/\/www.phototigui.com\/photo-pour-passeport-carte-didentite-ou-visa-au-senegal\/#primaryimage"},"thumbnailUrl":"https:\/\/www.phototigui.com\/wp-content\/uploads\/2022\/03\/photo-identite-senegal-iD-1024x430-1-300x126.png","datePublished":"2022-03-31T09:44:42+00:00","dateModified":"2022-03-31T09:49:46+00:00","description":"Vous cherchez un studio photo professionnel pour photo passeport, carte d'identit\u00e9 ou visa \u00e0 Dakar au S\u00e9n\u00e9gal?","breadcrumb":{"@id":"https:\/\/www.phototigui.com\/photo-pour-passeport-carte-didentite-ou-visa-au-senegal\/#breadcrumb"},"inLanguage":"en-US","potentialAction":[{"@type":"ReadAction","target":["https:\/\/www.phototigui.com\/photo-pour-passeport-carte-didentite-ou-visa-au-senegal\/"]}]},{"@type":"ImageObject","inLanguage":"en-US","@id":"https:\/\/www.phototigui.com\/photo-pour-passeport-carte-didentite-ou-visa-au-senegal\/#primaryimage","url":"https:\/\/www.phototigui.com\/wp-content\/uploads\/2022\/03\/photo-identite-senegal-iD-1024x430-1-300x126.png","contentUrl":"https:\/\/www.phototigui.com\/wp-content\/uploads\/2022\/03\/photo-identite-senegal-iD-1024x430-1-300x126.png"},{"@type":"BreadcrumbList","@id":"https:\/\/www.phototigui.com\/photo-pour-passeport-carte-didentite-ou-visa-au-senegal\/#breadcrumb","itemListElement":[{"@type":"ListItem","position":1,"name":"Accueil","item":"https:\/\/www.phototigui.com\/"},{"@type":"ListItem","position":2,"name":"Photo pour passeport, carte d&rsquo;identit\u00e9 ou visa au S\u00e9n\u00e9gal"}]},{"@type":"WebSite","@id":"https:\/\/www.phototigui.com\/#website","url":"https:\/\/www.phototigui.com\/","name":"Photographe Senegal","description":"Leader de la photographie professionnelle au Senegal","publisher":{"@id":"https:\/\/www.phototigui.com\/#organization"},"potentialAction":[{"@type":"SearchAction","target":{"@type":"EntryPoint","urlTemplate":"https:\/\/www.phototigui.com\/?s={search_term_string}"},"query-input":{"@type":"PropertyValueSpecification","valueRequired":true,"valueName":"search_term_string"}}],"inLanguage":"en-US"},{"@type":"Organization","@id":"https:\/\/www.phototigui.com\/#organization","name":"phototigui","url":"https:\/\/www.phototigui.com\/","logo":{"@type":"ImageObject","inLanguage":"en-US","@id":"https:\/\/www.phototigui.com\/#\/schema\/logo\/image\/","url":"https:\/\/www.phototigui.com\/wp-content\/uploads\/2025\/11\/cropped-phototigui_logo_Narvik_Brun-Sorrell.png","contentUrl":"https:\/\/www.phototigui.com\/wp-content\/uploads\/2025\/11\/cropped-phototigui_logo_Narvik_Brun-Sorrell.png","width":821,"height":305,"caption":"phototigui"},"image":{"@id":"https:\/\/www.phototigui.com\/#\/schema\/logo\/image\/"},"sameAs":["https:\/\/www.facebook.com\/phototigui","https:\/\/www.instagram.com\/phototigui\/"]},{"@type":"Person","@id":"https:\/\/www.phototigui.com\/#\/schema\/person\/8547e3ea69e17a3b7839a10a86467c69","name":"liguidi","image":{"@type":"ImageObject","inLanguage":"en-US","@id":"https:\/\/secure.gravatar.com\/avatar\/e8e1da85ffb7561a667d34e7db1d00cb08180797bc24edffb9b3a9264fa41497?s=96&d=mm&r=g","url":"https:\/\/secure.gravatar.com\/avatar\/e8e1da85ffb7561a667d34e7db1d00cb08180797bc24edffb9b3a9264fa41497?s=96&d=mm&r=g","contentUrl":"https:\/\/secure.gravatar.com\/avatar\/e8e1da85ffb7561a667d34e7db1d00cb08180797bc24edffb9b3a9264fa41497?s=96&d=mm&r=g","caption":"liguidi"}}]}},"jetpack_featured_media_url":"","jetpack_sharing_enabled":true,"jetpack_shortlink":"https:\/\/wp.me\/pa3WJh-180","_links":{"self":[{"href":"https:\/\/www.phototigui.com\/en\/wp-json\/wp\/v2\/posts\/4340","targetHints":{"allow":["GET"]}}],"collection":[{"href":"https:\/\/www.phototigui.com\/en\/wp-json\/wp\/v2\/posts"}],"about":[{"href":"https:\/\/www.phototigui.com\/en\/wp-json\/wp\/v2\/types\/post"}],"author":[{"embeddable":true,"href":"https:\/\/www.phototigui.com\/en\/wp-json\/wp\/v2\/users\/3"}],"replies":[{"embeddable":true,"href":"https:\/\/www.phototigui.com\/en\/wp-json\/wp\/v2\/comments?post=4340"}],"version-history":[{"count":2,"href":"https:\/\/www.phototigui.com\/en\/wp-json\/wp\/v2\/posts\/4340\/revisions"}],"predecessor-version":[{"id":4345,"href":"https:\/\/www.phototigui.com\/en\/wp-json\/wp\/v2\/posts\/4340\/revisions\/4345"}],"wp:attachment":[{"href":"https:\/\/www.phototigui.com\/en\/wp-json\/wp\/v2\/media?parent=4340"}],"wp:term":[{"taxonomy":"category","embeddable":true,"href":"https:\/\/www.phototigui.com\/en\/wp-json\/wp\/v2\/categories?post=4340"},{"taxonomy":"post_tag","embeddable":true,"href":"https:\/\/www.phototigui.com\/en\/wp-json\/wp\/v2\/tags?post=4340"}],"curies":[{"name":"wp","href":"https:\/\/api.w.org\/{rel}","templated":true}]}}