{"id":2345,"date":"2019-06-12T17:14:18","date_gmt":"2019-06-12T15:14:18","guid":{"rendered":"http:\/\/www.phototigui.com\/?p=2345"},"modified":"2019-06-12T17:14:20","modified_gmt":"2019-06-12T15:14:20","slug":"les-tarifs-photographe-senegal","status":"publish","type":"post","link":"https:\/\/www.phototigui.com\/en\/les-tarifs-photographe-senegal\/","title":{"rendered":"TARIFS PHOTO"},"content":{"rendered":"\n<p>NOUVEAU ! FORMULE UNIQUE 1H \u2013 29.000F                S\u00e9ance photo pour une personne comprend : environ 45min de prises de vue, 4 tenues maximum, 20 photos brutes livr\u00e9es en HD et au format num\u00e9rique jpg, ainsi que la cession des droits d&#8217;utilisation priv\u00e9e des photos + 1 photo retouch\u00e9e offerte.<\/p>\n\n\n\n<p> ! Offre r\u00e9serv\u00e9e aux particuliers OPTIONS : A l&#8217;issue de votre s\u00e9ance, choisissez vos photos coup de c\u0153ur et le nombre de retouche que vous souhaitez !       Retouches photos  \u2013 11.000F \/ photo Pack Book : 4 photos retouch\u00e9es \u2013 35.000F Pack Book Pro : 10 photos retouch\u00e9es \u2013 70.000F Photos en ext\u00e9rieur : d\u00e9placement sur Dakar et ses environs \u2013 10.000F \/Personne suppl\u00e9mentaire \u2013 10.000F Cession int\u00e9grale des droits d&#8217;utilisation des photos \u2013 sur devis PR\u00caT POUR VOTRE S\u00c9ANCE ? UN BESOIN PARTICULIER ? CONTACTEZ MOI PAR T\u00c9L\u00c9PHONE OU EN UTILISANT LE FORMULAIRE CI-DESSOUS. A TR\u00c8S VITE !<\/p>\n","protected":false},"excerpt":{"rendered":"<div class=\"slide-text-bg2\">\n<h3>NOUVEAU ! FORMULE UNIQUE 1H \u2013 29.000F S\u00e9ance photo pour une personne comprend : environ 45min de prises de vue,<\/h3>\n<\/div>\n<div class=\"flex-btn-div\"><a href=\"https:\/\/www.phototigui.com\/en\/les-tarifs-photographe-senegal\/\" class=\"btn1 flex-btn\">Read More<\/a><\/div>\n","protected":false},"author":3,"featured_media":0,"comment_status":"open","ping_status":"open","sticky":false,"template":"","format":"standard","meta":{"om_disable_all_campaigns":false,"_exactmetrics_skip_tracking":false,"_exactmetrics_sitenote_active":false,"_exactmetrics_sitenote_note":"","_exactmetrics_sitenote_category":0,"_monsterinsights_skip_tracking":false,"_monsterinsights_sitenote_active":false,"_monsterinsights_sitenote_note":"","_monsterinsights_sitenote_category":0,"_uf_show_specific_survey":0,"_uf_disable_surveys":false,"_jetpack_newsletter_access":"","_jetpack_dont_email_post_to_subs":false,"_jetpack_newsletter_tier_id":0,"_jetpack_memberships_contains_paywalled_content":false,"_vp_format_video_url":"","_vp_image_focal_point":[],"_jetpack_memberships_contains_paid_content":false,"footnotes":""},"categories":[1],"tags":[],"class_list":["post-2345","post","type-post","status-publish","format-standard","hentry","category-non-classe"],"yoast_head":"<!-- This site is optimized with the Yoast SEO plugin v27.5 - https:\/\/yoast.com\/product\/yoast-seo-wordpress\/ -->\n<title>Tarif photographe senegal<\/title>\n<meta name=\"description\" content=\"Les tarifs photographe professionnel senegal. Une S\u00e9ance photo pour une personne dans notre studio dure environ 40 minutes de prises de vue pour 29.000fcfa.\" \/>\n<meta name=\"robots\" content=\"index, follow, max-snippet:-1, max-image-preview:large, max-video-preview:-1\" \/>\n<link rel=\"canonical\" href=\"https:\/\/www.phototigui.com\/en\/les-tarifs-photographe-senegal\/\" \/>\n<meta property=\"og:locale\" content=\"en_US\" \/>\n<meta property=\"og:locale:alternate\" content=\"fr_FR\" \/>\n<meta property=\"og:type\" content=\"article\" \/>\n<meta property=\"og:title\" content=\"Tarif photographe senegal\" \/>\n<meta property=\"og:description\" content=\"Les tarifs photographe professionnel senegal. Une S\u00e9ance photo pour une personne dans notre studio dure environ 40 minutes de prises de vue pour 29.000fcfa.\" \/>\n<meta property=\"og:url\" content=\"https:\/\/www.phototigui.com\/en\/les-tarifs-photographe-senegal\/\" \/>\n<meta property=\"og:site_name\" content=\"Photographe Senegal\" \/>\n<meta property=\"article:publisher\" content=\"https:\/\/www.facebook.com\/phototigui\" \/>\n<meta property=\"article:published_time\" content=\"2019-06-12T15:14:18+00:00\" \/>\n<meta property=\"article:modified_time\" content=\"2019-06-12T15:14:20+00:00\" \/>\n<meta name=\"author\" content=\"liguidi\" \/>\n<meta name=\"twitter:card\" content=\"summary_large_image\" \/>\n<meta name=\"twitter:label1\" content=\"Written by\" \/>\n\t<meta name=\"twitter:data1\" content=\"liguidi\" \/>\n\t<meta name=\"twitter:label2\" content=\"Est. reading time\" \/>\n\t<meta name=\"twitter:data2\" content=\"1 minute\" \/>\n<script type=\"application\/ld+json\" class=\"yoast-schema-graph\">{\"@context\":\"https:\\\/\\\/schema.org\",\"@graph\":[{\"@type\":\"Article\",\"@id\":\"https:\\\/\\\/www.phototigui.com\\\/les-tarifs-photographe-senegal\\\/#article\",\"isPartOf\":{\"@id\":\"https:\\\/\\\/www.phototigui.com\\\/les-tarifs-photographe-senegal\\\/\"},\"author\":{\"name\":\"liguidi\",\"@id\":\"https:\\\/\\\/www.phototigui.com\\\/#\\\/schema\\\/person\\\/8547e3ea69e17a3b7839a10a86467c69\"},\"headline\":\"TARIFS PHOTO\",\"datePublished\":\"2019-06-12T15:14:18+00:00\",\"dateModified\":\"2019-06-12T15:14:20+00:00\",\"mainEntityOfPage\":{\"@id\":\"https:\\\/\\\/www.phototigui.com\\\/les-tarifs-photographe-senegal\\\/\"},\"wordCount\":150,\"commentCount\":0,\"publisher\":{\"@id\":\"https:\\\/\\\/www.phototigui.com\\\/#organization\"},\"articleSection\":[\"Non class\u00e9\"],\"inLanguage\":\"en-US\",\"potentialAction\":[{\"@type\":\"CommentAction\",\"name\":\"Comment\",\"target\":[\"https:\\\/\\\/www.phototigui.com\\\/les-tarifs-photographe-senegal\\\/#respond\"]}]},{\"@type\":\"WebPage\",\"@id\":\"https:\\\/\\\/www.phototigui.com\\\/les-tarifs-photographe-senegal\\\/\",\"url\":\"https:\\\/\\\/www.phototigui.com\\\/les-tarifs-photographe-senegal\\\/\",\"name\":\"Tarif photographe senegal\",\"isPartOf\":{\"@id\":\"https:\\\/\\\/www.phototigui.com\\\/#website\"},\"datePublished\":\"2019-06-12T15:14:18+00:00\",\"dateModified\":\"2019-06-12T15:14:20+00:00\",\"description\":\"Les tarifs photographe professionnel senegal. Une S\u00e9ance photo pour une personne dans notre studio dure environ 40 minutes de prises de vue pour 29.000fcfa.\",\"breadcrumb\":{\"@id\":\"https:\\\/\\\/www.phototigui.com\\\/les-tarifs-photographe-senegal\\\/#breadcrumb\"},\"inLanguage\":\"en-US\",\"potentialAction\":[{\"@type\":\"ReadAction\",\"target\":[\"https:\\\/\\\/www.phototigui.com\\\/les-tarifs-photographe-senegal\\\/\"]}]},{\"@type\":\"BreadcrumbList\",\"@id\":\"https:\\\/\\\/www.phototigui.com\\\/les-tarifs-photographe-senegal\\\/#breadcrumb\",\"itemListElement\":[{\"@type\":\"ListItem\",\"position\":1,\"name\":\"Accueil\",\"item\":\"https:\\\/\\\/www.phototigui.com\\\/\"},{\"@type\":\"ListItem\",\"position\":2,\"name\":\"TARIFS PHOTO\"}]},{\"@type\":\"WebSite\",\"@id\":\"https:\\\/\\\/www.phototigui.com\\\/#website\",\"url\":\"https:\\\/\\\/www.phototigui.com\\\/\",\"name\":\"Photographe Senegal\",\"description\":\"Leader de la photographie professionnelle au Senegal\",\"publisher\":{\"@id\":\"https:\\\/\\\/www.phototigui.com\\\/#organization\"},\"potentialAction\":[{\"@type\":\"SearchAction\",\"target\":{\"@type\":\"EntryPoint\",\"urlTemplate\":\"https:\\\/\\\/www.phototigui.com\\\/?s={search_term_string}\"},\"query-input\":{\"@type\":\"PropertyValueSpecification\",\"valueRequired\":true,\"valueName\":\"search_term_string\"}}],\"inLanguage\":\"en-US\"},{\"@type\":\"Organization\",\"@id\":\"https:\\\/\\\/www.phototigui.com\\\/#organization\",\"name\":\"phototigui\",\"url\":\"https:\\\/\\\/www.phototigui.com\\\/\",\"logo\":{\"@type\":\"ImageObject\",\"inLanguage\":\"en-US\",\"@id\":\"https:\\\/\\\/www.phototigui.com\\\/#\\\/schema\\\/logo\\\/image\\\/\",\"url\":\"https:\\\/\\\/www.phototigui.com\\\/wp-content\\\/uploads\\\/2025\\\/11\\\/cropped-phototigui_logo_Narvik_Brun-Sorrell.png\",\"contentUrl\":\"https:\\\/\\\/www.phototigui.com\\\/wp-content\\\/uploads\\\/2025\\\/11\\\/cropped-phototigui_logo_Narvik_Brun-Sorrell.png\",\"width\":821,\"height\":305,\"caption\":\"phototigui\"},\"image\":{\"@id\":\"https:\\\/\\\/www.phototigui.com\\\/#\\\/schema\\\/logo\\\/image\\\/\"},\"sameAs\":[\"https:\\\/\\\/www.facebook.com\\\/phototigui\",\"https:\\\/\\\/www.instagram.com\\\/phototigui\\\/\"]},{\"@type\":\"Person\",\"@id\":\"https:\\\/\\\/www.phototigui.com\\\/#\\\/schema\\\/person\\\/8547e3ea69e17a3b7839a10a86467c69\",\"name\":\"liguidi\",\"image\":{\"@type\":\"ImageObject\",\"inLanguage\":\"en-US\",\"@id\":\"https:\\\/\\\/secure.gravatar.com\\\/avatar\\\/e8e1da85ffb7561a667d34e7db1d00cb08180797bc24edffb9b3a9264fa41497?s=96&d=mm&r=g\",\"url\":\"https:\\\/\\\/secure.gravatar.com\\\/avatar\\\/e8e1da85ffb7561a667d34e7db1d00cb08180797bc24edffb9b3a9264fa41497?s=96&d=mm&r=g\",\"contentUrl\":\"https:\\\/\\\/secure.gravatar.com\\\/avatar\\\/e8e1da85ffb7561a667d34e7db1d00cb08180797bc24edffb9b3a9264fa41497?s=96&d=mm&r=g\",\"caption\":\"liguidi\"}}]}<\/script>\n<!-- \/ Yoast SEO plugin. -->","yoast_head_json":{"title":"Tarif photographe senegal","description":"Les tarifs photographe professionnel senegal. Une S\u00e9ance photo pour une personne dans notre studio dure environ 40 minutes de prises de vue pour 29.000fcfa.","robots":{"index":"index","follow":"follow","max-snippet":"max-snippet:-1","max-image-preview":"max-image-preview:large","max-video-preview":"max-video-preview:-1"},"canonical":"https:\/\/www.phototigui.com\/en\/les-tarifs-photographe-senegal\/","og_locale":"en_US","og_type":"article","og_title":"Tarif photographe senegal","og_description":"Les tarifs photographe professionnel senegal. Une S\u00e9ance photo pour une personne dans notre studio dure environ 40 minutes de prises de vue pour 29.000fcfa.","og_url":"https:\/\/www.phototigui.com\/en\/les-tarifs-photographe-senegal\/","og_site_name":"Photographe Senegal","article_publisher":"https:\/\/www.facebook.com\/phototigui","article_published_time":"2019-06-12T15:14:18+00:00","article_modified_time":"2019-06-12T15:14:20+00:00","author":"liguidi","twitter_card":"summary_large_image","twitter_misc":{"Written by":"liguidi","Est. reading time":"1 minute"},"schema":{"@context":"https:\/\/schema.org","@graph":[{"@type":"Article","@id":"https:\/\/www.phototigui.com\/les-tarifs-photographe-senegal\/#article","isPartOf":{"@id":"https:\/\/www.phototigui.com\/les-tarifs-photographe-senegal\/"},"author":{"name":"liguidi","@id":"https:\/\/www.phototigui.com\/#\/schema\/person\/8547e3ea69e17a3b7839a10a86467c69"},"headline":"TARIFS PHOTO","datePublished":"2019-06-12T15:14:18+00:00","dateModified":"2019-06-12T15:14:20+00:00","mainEntityOfPage":{"@id":"https:\/\/www.phototigui.com\/les-tarifs-photographe-senegal\/"},"wordCount":150,"commentCount":0,"publisher":{"@id":"https:\/\/www.phototigui.com\/#organization"},"articleSection":["Non class\u00e9"],"inLanguage":"en-US","potentialAction":[{"@type":"CommentAction","name":"Comment","target":["https:\/\/www.phototigui.com\/les-tarifs-photographe-senegal\/#respond"]}]},{"@type":"WebPage","@id":"https:\/\/www.phototigui.com\/les-tarifs-photographe-senegal\/","url":"https:\/\/www.phototigui.com\/les-tarifs-photographe-senegal\/","name":"Tarif photographe senegal","isPartOf":{"@id":"https:\/\/www.phototigui.com\/#website"},"datePublished":"2019-06-12T15:14:18+00:00","dateModified":"2019-06-12T15:14:20+00:00","description":"Les tarifs photographe professionnel senegal. Une S\u00e9ance photo pour une personne dans notre studio dure environ 40 minutes de prises de vue pour 29.000fcfa.","breadcrumb":{"@id":"https:\/\/www.phototigui.com\/les-tarifs-photographe-senegal\/#breadcrumb"},"inLanguage":"en-US","potentialAction":[{"@type":"ReadAction","target":["https:\/\/www.phototigui.com\/les-tarifs-photographe-senegal\/"]}]},{"@type":"BreadcrumbList","@id":"https:\/\/www.phototigui.com\/les-tarifs-photographe-senegal\/#breadcrumb","itemListElement":[{"@type":"ListItem","position":1,"name":"Accueil","item":"https:\/\/www.phototigui.com\/"},{"@type":"ListItem","position":2,"name":"TARIFS PHOTO"}]},{"@type":"WebSite","@id":"https:\/\/www.phototigui.com\/#website","url":"https:\/\/www.phototigui.com\/","name":"Photographe Senegal","description":"Leader de la photographie professionnelle au Senegal","publisher":{"@id":"https:\/\/www.phototigui.com\/#organization"},"potentialAction":[{"@type":"SearchAction","target":{"@type":"EntryPoint","urlTemplate":"https:\/\/www.phototigui.com\/?s={search_term_string}"},"query-input":{"@type":"PropertyValueSpecification","valueRequired":true,"valueName":"search_term_string"}}],"inLanguage":"en-US"},{"@type":"Organization","@id":"https:\/\/www.phototigui.com\/#organization","name":"phototigui","url":"https:\/\/www.phototigui.com\/","logo":{"@type":"ImageObject","inLanguage":"en-US","@id":"https:\/\/www.phototigui.com\/#\/schema\/logo\/image\/","url":"https:\/\/www.phototigui.com\/wp-content\/uploads\/2025\/11\/cropped-phototigui_logo_Narvik_Brun-Sorrell.png","contentUrl":"https:\/\/www.phototigui.com\/wp-content\/uploads\/2025\/11\/cropped-phototigui_logo_Narvik_Brun-Sorrell.png","width":821,"height":305,"caption":"phototigui"},"image":{"@id":"https:\/\/www.phototigui.com\/#\/schema\/logo\/image\/"},"sameAs":["https:\/\/www.facebook.com\/phototigui","https:\/\/www.instagram.com\/phototigui\/"]},{"@type":"Person","@id":"https:\/\/www.phototigui.com\/#\/schema\/person\/8547e3ea69e17a3b7839a10a86467c69","name":"liguidi","image":{"@type":"ImageObject","inLanguage":"en-US","@id":"https:\/\/secure.gravatar.com\/avatar\/e8e1da85ffb7561a667d34e7db1d00cb08180797bc24edffb9b3a9264fa41497?s=96&d=mm&r=g","url":"https:\/\/secure.gravatar.com\/avatar\/e8e1da85ffb7561a667d34e7db1d00cb08180797bc24edffb9b3a9264fa41497?s=96&d=mm&r=g","contentUrl":"https:\/\/secure.gravatar.com\/avatar\/e8e1da85ffb7561a667d34e7db1d00cb08180797bc24edffb9b3a9264fa41497?s=96&d=mm&r=g","caption":"liguidi"}}]}},"jetpack_featured_media_url":"","jetpack_sharing_enabled":true,"jetpack_shortlink":"https:\/\/wp.me\/pa3WJh-BP","_links":{"self":[{"href":"https:\/\/www.phototigui.com\/en\/wp-json\/wp\/v2\/posts\/2345","targetHints":{"allow":["GET"]}}],"collection":[{"href":"https:\/\/www.phototigui.com\/en\/wp-json\/wp\/v2\/posts"}],"about":[{"href":"https:\/\/www.phototigui.com\/en\/wp-json\/wp\/v2\/types\/post"}],"author":[{"embeddable":true,"href":"https:\/\/www.phototigui.com\/en\/wp-json\/wp\/v2\/users\/3"}],"replies":[{"embeddable":true,"href":"https:\/\/www.phototigui.com\/en\/wp-json\/wp\/v2\/comments?post=2345"}],"version-history":[{"count":3,"href":"https:\/\/www.phototigui.com\/en\/wp-json\/wp\/v2\/posts\/2345\/revisions"}],"predecessor-version":[{"id":2377,"href":"https:\/\/www.phototigui.com\/en\/wp-json\/wp\/v2\/posts\/2345\/revisions\/2377"}],"wp:attachment":[{"href":"https:\/\/www.phototigui.com\/en\/wp-json\/wp\/v2\/media?parent=2345"}],"wp:term":[{"taxonomy":"category","embeddable":true,"href":"https:\/\/www.phototigui.com\/en\/wp-json\/wp\/v2\/categories?post=2345"},{"taxonomy":"post_tag","embeddable":true,"href":"https:\/\/www.phototigui.com\/en\/wp-json\/wp\/v2\/tags?post=2345"}],"curies":[{"name":"wp","href":"https:\/\/api.w.org\/{rel}","templated":true}]}}